{"id":129418,"date":"2021-10-08T15:42:51","date_gmt":"2021-10-08T19:42:51","guid":{"rendered":"https:\/\/linitiative.ca\/International\/qui-est-fatima-ezzahra-el-mansouri-ministre-de-lamenagement-du-territoire-national-de-lurbanisme-de-lhabitat-et-de-la-politique-de-la-ville\/"},"modified":"2021-10-08T15:42:51","modified_gmt":"2021-10-08T19:42:51","slug":"qui-est-fatima-ezzahra-el-mansouri-ministre-de-lamenagement-du-territoire-national-de-lurbanisme-de-lhabitat-et-de-la-politique-de-la-ville","status":"publish","type":"post","link":"https:\/\/linitiative.ca\/International\/qui-est-fatima-ezzahra-el-mansouri-ministre-de-lamenagement-du-territoire-national-de-lurbanisme-de-lhabitat-et-de-la-politique-de-la-ville\/","title":{"rendered":"Qui est Fatima Ezzahra El Mansouri, ministre de l\u2019Am\u00e9nagement du territoire national, de l\u2019Urbanisme, de l\u2019Habitat et de la Politique de la ville  ?"},"content":{"rendered":"<div><img decoding=\"async\" width=\"780\" height=\"468\" src=\"https:\/\/linitiative.ca\/International\/wp-content\/uploads\/sites\/23\/2021\/10\/FATIM-1.jpg\" class=\"attachment-post-thumbnail size-post-thumbnail wp-post-image\" alt=\"\" loading=\"lazy\" srcset=\"https:\/\/linitiative.ca\/International\/wp-content\/uploads\/sites\/23\/2021\/10\/FATIM-1.jpg 780w, https:\/\/www.challenge.ma\/wp-content\/uploads\/2021\/10\/FATIM-1-300x180.jpg 300w, https:\/\/www.challenge.ma\/wp-content\/uploads\/2021\/10\/FATIM-1-768x461.jpg 768w, https:\/\/www.challenge.ma\/wp-content\/uploads\/2021\/10\/FATIM-1-360x216.jpg 360w, https:\/\/www.challenge.ma\/wp-content\/uploads\/2021\/10\/FATIM-1-750x450.jpg 750w\" sizes=\"auto, (max-width: 780px) 100vw, 780px\" itemprop=\"image\">Le Roi Mohammed VI a nomm\u00e9, jeudi 7 octobre, les membres du nouveau gouvernement. Retour sur le parcours\u00a0de Fatima Ezzahra El Mansouri, ministre de l\u2019Am\u00e9nagement du territoire national, de l\u2019Urbanisme, de l\u2019Habitat et de la Politique de la ville. Six ans apr\u00e8s avoir quitt\u00e9 la t\u00eate de la Mairie de<\/div>\n<p>Auteur: challenge<br \/>\n<a href=\"https:\/\/www.challenge.ma\/qui-est-fatima-ezzahra-el-mansouri-ministre-de-lamenagement-du-territoire-national-de-lurbanisme-de-lhabitat-et-de-la-politique-de-la-ville-223049\/\">Cliquez ici pour lire l&rsquo;article depuis sa source.<\/a><\/p>\n","protected":false},"excerpt":{"rendered":"<p>Le Roi Mohammed VI a nomm\u00e9, jeudi 7 octobre, les membres du nouveau gouvernement. Retour sur le parcours\u00a0de Fatima Ezzahra El Mansouri, ministre de l\u2019Am\u00e9nagement du territoire national, de l\u2019Urbanisme, de l\u2019Habitat et de la Politique de la ville. Six ans apr\u00e8s avoir quitt\u00e9 la t\u00eate de la Mairie de Auteur: challenge Cliquez ici pour [&hellip;]<\/p>\n","protected":false},"author":1787,"featured_media":0,"comment_status":"closed","ping_status":"closed","sticky":false,"template":"","format":"standard","meta":{"fifu_image_url":"https:\/\/www.challenge.ma\/wp-content\/uploads\/2021\/10\/FATIM-1.jpg","fifu_image_alt":"Qui est Fatima Ezzahra El Mansouri, ministre de l\u2019Am\u00e9nagement du territoire national, de l\u2019Urbanisme, de l\u2019Habitat et de la Politique de la ville  ?","footnotes":""},"categories":[78,54],"tags":[],"class_list":["post-129418","post","type-post","status-publish","format-standard","hentry","category-economie","category-maroc"],"_links":{"self":[{"href":"https:\/\/linitiative.ca\/International\/wp-json\/wp\/v2\/posts\/129418","targetHints":{"allow":["GET"]}}],"collection":[{"href":"https:\/\/linitiative.ca\/International\/wp-json\/wp\/v2\/posts"}],"about":[{"href":"https:\/\/linitiative.ca\/International\/wp-json\/wp\/v2\/types\/post"}],"author":[{"embeddable":true,"href":"https:\/\/linitiative.ca\/International\/wp-json\/wp\/v2\/users\/1787"}],"replies":[{"embeddable":true,"href":"https:\/\/linitiative.ca\/International\/wp-json\/wp\/v2\/comments?post=129418"}],"version-history":[{"count":0,"href":"https:\/\/linitiative.ca\/International\/wp-json\/wp\/v2\/posts\/129418\/revisions"}],"wp:attachment":[{"href":"https:\/\/linitiative.ca\/International\/wp-json\/wp\/v2\/media?parent=129418"}],"wp:term":[{"taxonomy":"category","embeddable":true,"href":"https:\/\/linitiative.ca\/International\/wp-json\/wp\/v2\/categories?post=129418"},{"taxonomy":"post_tag","embeddable":true,"href":"https:\/\/linitiative.ca\/International\/wp-json\/wp\/v2\/tags?post=129418"}],"curies":[{"name":"wp","href":"https:\/\/api.w.org\/{rel}","templated":true}]}}