{"id":129420,"date":"2021-10-08T15:51:13","date_gmt":"2021-10-08T19:51:13","guid":{"rendered":"https:\/\/linitiative.ca\/International\/qui-est-mohcine-jazouli-ministre-delegue-aupres-du-chef-du-gouvernement-charge-de-linvestissement-de-la-convergence-et-de-levaluation-des-politiques-publiques\/"},"modified":"2021-10-08T15:51:13","modified_gmt":"2021-10-08T19:51:13","slug":"qui-est-mohcine-jazouli-ministre-delegue-aupres-du-chef-du-gouvernement-charge-de-linvestissement-de-la-convergence-et-de-levaluation-des-politiques-publiques","status":"publish","type":"post","link":"https:\/\/linitiative.ca\/International\/qui-est-mohcine-jazouli-ministre-delegue-aupres-du-chef-du-gouvernement-charge-de-linvestissement-de-la-convergence-et-de-levaluation-des-politiques-publiques\/","title":{"rendered":"Qui est Mohcine Jazouli, Ministre d\u00e9l\u00e9gu\u00e9 aupr\u00e8s du Chef du gouvernement charg\u00e9 de l\u2019Investissement, de la Convergence et de l\u2019\u00e9valuation des Politiques publiques ?"},"content":{"rendered":"<div><img decoding=\"async\" width=\"599\" height=\"393\" src=\"https:\/\/linitiative.ca\/International\/wp-content\/uploads\/sites\/23\/2021\/10\/jaz.jpg\" class=\"attachment-post-thumbnail size-post-thumbnail wp-post-image\" alt=\"\" loading=\"lazy\" srcset=\"https:\/\/linitiative.ca\/International\/wp-content\/uploads\/sites\/23\/2021\/10\/jaz.jpg 599w, https:\/\/www.challenge.ma\/wp-content\/uploads\/2021\/10\/jaz-300x197.jpg 300w, https:\/\/www.challenge.ma\/wp-content\/uploads\/2021\/10\/jaz-360x236.jpg 360w\" sizes=\"auto, (max-width: 599px) 100vw, 599px\" itemprop=\"image\">Le Roi Mohammed VI a nomm\u00e9, jeudi 7 octobre, les membres du nouveau gouvernement. Retour sur le parcours\u00a0de Mohcine Jazouli, Ministre d\u00e9l\u00e9gu\u00e9 aupr\u00e8s du Chef du gouvernement charg\u00e9 de l\u2019Investissement, de la Convergence et de l\u2019\u00e9valuation des Politiques publiques. Jusque-l\u00e0 ministre D\u00e9l\u00e9gu\u00e9 aupr\u00e8s du Ministre des Affaires \u00c9trang\u00e8res, de la<\/div>\n<p>Auteur: challenge<br \/>\n<a href=\"https:\/\/www.challenge.ma\/qui-est-mohcine-jazouli-ministre-delegue-aupres-du-chef-du-gouvernement-charge-de-linvestissement-de-la-convergence-et-de-levaluation-des-politiques-publiques-223053\/\">Cliquez ici pour lire l&rsquo;article depuis sa source.<\/a><\/p>\n","protected":false},"excerpt":{"rendered":"<p>Le Roi Mohammed VI a nomm\u00e9, jeudi 7 octobre, les membres du nouveau gouvernement. Retour sur le parcours\u00a0de Mohcine Jazouli, Ministre d\u00e9l\u00e9gu\u00e9 aupr\u00e8s du Chef du gouvernement charg\u00e9 de l\u2019Investissement, de la Convergence et de l\u2019\u00e9valuation des Politiques publiques. Jusque-l\u00e0 ministre D\u00e9l\u00e9gu\u00e9 aupr\u00e8s du Ministre des Affaires \u00c9trang\u00e8res, de la Auteur: challenge Cliquez ici pour [&hellip;]<\/p>\n","protected":false},"author":1787,"featured_media":0,"comment_status":"closed","ping_status":"closed","sticky":false,"template":"","format":"standard","meta":{"fifu_image_url":"https:\/\/www.challenge.ma\/wp-content\/uploads\/2021\/10\/jaz.jpg","fifu_image_alt":"Qui est Mohcine Jazouli, Ministre d\u00e9l\u00e9gu\u00e9 aupr\u00e8s du Chef du gouvernement charg\u00e9 de l\u2019Investissement, de la Convergence et de l\u2019\u00e9valuation des Politiques publiques ?","footnotes":""},"categories":[78,54],"tags":[],"class_list":["post-129420","post","type-post","status-publish","format-standard","hentry","category-economie","category-maroc"],"_links":{"self":[{"href":"https:\/\/linitiative.ca\/International\/wp-json\/wp\/v2\/posts\/129420","targetHints":{"allow":["GET"]}}],"collection":[{"href":"https:\/\/linitiative.ca\/International\/wp-json\/wp\/v2\/posts"}],"about":[{"href":"https:\/\/linitiative.ca\/International\/wp-json\/wp\/v2\/types\/post"}],"author":[{"embeddable":true,"href":"https:\/\/linitiative.ca\/International\/wp-json\/wp\/v2\/users\/1787"}],"replies":[{"embeddable":true,"href":"https:\/\/linitiative.ca\/International\/wp-json\/wp\/v2\/comments?post=129420"}],"version-history":[{"count":0,"href":"https:\/\/linitiative.ca\/International\/wp-json\/wp\/v2\/posts\/129420\/revisions"}],"wp:attachment":[{"href":"https:\/\/linitiative.ca\/International\/wp-json\/wp\/v2\/media?parent=129420"}],"wp:term":[{"taxonomy":"category","embeddable":true,"href":"https:\/\/linitiative.ca\/International\/wp-json\/wp\/v2\/categories?post=129420"},{"taxonomy":"post_tag","embeddable":true,"href":"https:\/\/linitiative.ca\/International\/wp-json\/wp\/v2\/tags?post=129420"}],"curies":[{"name":"wp","href":"https:\/\/api.w.org\/{rel}","templated":true}]}}