{"id":129422,"date":"2021-10-08T15:59:48","date_gmt":"2021-10-08T19:59:48","guid":{"rendered":"https:\/\/linitiative.ca\/International\/qui-est-abdellatif-loudiyi-ministre-delegue-aupres-du-chef-du-gouvernement-charge-de-ladministration-de-la-defense-nationale\/"},"modified":"2021-10-08T15:59:48","modified_gmt":"2021-10-08T19:59:48","slug":"qui-est-abdellatif-loudiyi-ministre-delegue-aupres-du-chef-du-gouvernement-charge-de-ladministration-de-la-defense-nationale","status":"publish","type":"post","link":"https:\/\/linitiative.ca\/International\/qui-est-abdellatif-loudiyi-ministre-delegue-aupres-du-chef-du-gouvernement-charge-de-ladministration-de-la-defense-nationale\/","title":{"rendered":"Qui est Abdellatif Loudiyi, Ministre d\u00e9l\u00e9gu\u00e9 aupr\u00e8s du Chef du gouvernement charg\u00e9 de l\u2019administration de la D\u00e9fense nationale ?"},"content":{"rendered":"<div><img decoding=\"async\" width=\"370\" height=\"270\" src=\"https:\/\/linitiative.ca\/International\/wp-content\/uploads\/sites\/23\/2021\/10\/loud.jpg\" class=\"attachment-post-thumbnail size-post-thumbnail wp-post-image\" alt=\"\" loading=\"lazy\" srcset=\"https:\/\/linitiative.ca\/International\/wp-content\/uploads\/sites\/23\/2021\/10\/loud.jpg 370w, https:\/\/www.challenge.ma\/wp-content\/uploads\/2021\/10\/loud-300x219.jpg 300w, https:\/\/www.challenge.ma\/wp-content\/uploads\/2021\/10\/loud-360x263.jpg 360w\" sizes=\"auto, (max-width: 370px) 100vw, 370px\" itemprop=\"image\">Le Roi Mohammed VI a nomm\u00e9, jeudi 7 octobre, les membres du nouveau gouvernement. Retour sur le parcours\u00a0de Abdellatif Loudiyi, Ministre d\u00e9l\u00e9gu\u00e9 aupr\u00e8s du Chef du gouvernement charg\u00e9 de l\u2019administration de la D\u00e9fense nationale. S\u2019il y a un ministre qui connait bien son D\u00e9partement, c\u2019est bien Abdellatif Loudiyi, que S.M.<\/div>\n<p>Auteur: challenge<br \/>\n<a href=\"https:\/\/www.challenge.ma\/qui-est-abdellatif-loudiyi-ministre-delegue-aupres-du-chef-du-gouvernement-charge-de-ladministration-de-la-defense-nationale-223057\/\">Cliquez ici pour lire l&rsquo;article depuis sa source.<\/a><\/p>\n","protected":false},"excerpt":{"rendered":"<p>Le Roi Mohammed VI a nomm\u00e9, jeudi 7 octobre, les membres du nouveau gouvernement. Retour sur le parcours\u00a0de Abdellatif Loudiyi, Ministre d\u00e9l\u00e9gu\u00e9 aupr\u00e8s du Chef du gouvernement charg\u00e9 de l\u2019administration de la D\u00e9fense nationale. S\u2019il y a un ministre qui connait bien son D\u00e9partement, c\u2019est bien Abdellatif Loudiyi, que S.M. Auteur: challenge Cliquez ici pour [&hellip;]<\/p>\n","protected":false},"author":1787,"featured_media":0,"comment_status":"closed","ping_status":"closed","sticky":false,"template":"","format":"standard","meta":{"fifu_image_url":"https:\/\/www.challenge.ma\/wp-content\/uploads\/2021\/10\/loud.jpg","fifu_image_alt":"Qui est Abdellatif Loudiyi, Ministre d\u00e9l\u00e9gu\u00e9 aupr\u00e8s du Chef du gouvernement charg\u00e9 de l\u2019administration de la D\u00e9fense nationale ?","footnotes":""},"categories":[78,54],"tags":[],"class_list":["post-129422","post","type-post","status-publish","format-standard","hentry","category-economie","category-maroc"],"_links":{"self":[{"href":"https:\/\/linitiative.ca\/International\/wp-json\/wp\/v2\/posts\/129422","targetHints":{"allow":["GET"]}}],"collection":[{"href":"https:\/\/linitiative.ca\/International\/wp-json\/wp\/v2\/posts"}],"about":[{"href":"https:\/\/linitiative.ca\/International\/wp-json\/wp\/v2\/types\/post"}],"author":[{"embeddable":true,"href":"https:\/\/linitiative.ca\/International\/wp-json\/wp\/v2\/users\/1787"}],"replies":[{"embeddable":true,"href":"https:\/\/linitiative.ca\/International\/wp-json\/wp\/v2\/comments?post=129422"}],"version-history":[{"count":0,"href":"https:\/\/linitiative.ca\/International\/wp-json\/wp\/v2\/posts\/129422\/revisions"}],"wp:attachment":[{"href":"https:\/\/linitiative.ca\/International\/wp-json\/wp\/v2\/media?parent=129422"}],"wp:term":[{"taxonomy":"category","embeddable":true,"href":"https:\/\/linitiative.ca\/International\/wp-json\/wp\/v2\/categories?post=129422"},{"taxonomy":"post_tag","embeddable":true,"href":"https:\/\/linitiative.ca\/International\/wp-json\/wp\/v2\/tags?post=129422"}],"curies":[{"name":"wp","href":"https:\/\/api.w.org\/{rel}","templated":true}]}}