{"id":129429,"date":"2021-10-08T16:59:19","date_gmt":"2021-10-08T20:59:19","guid":{"rendered":"https:\/\/linitiative.ca\/International\/tunisie-najla-bouden-va-t-elle-se-retirer\/"},"modified":"2021-10-08T16:59:19","modified_gmt":"2021-10-08T20:59:19","slug":"tunisie-najla-bouden-va-t-elle-se-retirer","status":"publish","type":"post","link":"https:\/\/linitiative.ca\/International\/tunisie-najla-bouden-va-t-elle-se-retirer\/","title":{"rendered":"Tunisie \u2013 Najla Bouden va-t-elle se retirer\u00a0?"},"content":{"rendered":"<div>\n<p>La rumeur fait rage sur les r\u00e9seaux sociaux, depuis, d\u00e9j\u00e0, une journ\u00e9e. La cheffe du gouvernement d\u00e9sign\u00e9e, Najla Bouden, serait sur le point de rendre son tablier, et se retirer de la mission qui lui a \u00e9t\u00e9 confi\u00e9e de former le gouvernement. Une rumeur tellement insistante que les \u00ab\u00a0amis\u00a0\u00bb de Ka\u00efs Sa\u00efed se sont empress\u00e9s [\u2026]<\/p>\n<p>L\u2019article <a href=\"https:\/\/www.tunisienumerique.com\/tunisie-najla-bouden-va-t-elle-se-retirer\/\">Tunisie \u2013 Najla Bouden va-t-elle se retirer\u00a0?<\/a> est apparu en premier sur <a href=\"https:\/\/www.tunisienumerique.com\/\">Tunisie<\/a>.<\/p>\n<\/div>\n<p>Auteur: Saber .<br \/>\n<a href=\"https:\/\/www.tunisienumerique.com\/tunisie-najla-bouden-va-t-elle-se-retirer\/\">Cliquez ici pour lire l&rsquo;article depuis sa source.<\/a><\/p>\n","protected":false},"excerpt":{"rendered":"<p>La rumeur fait rage sur les r\u00e9seaux sociaux, depuis, d\u00e9j\u00e0, une journ\u00e9e. La cheffe du gouvernement d\u00e9sign\u00e9e, Najla Bouden, serait sur le point de rendre son tablier, et se retirer de la mission qui lui a \u00e9t\u00e9 confi\u00e9e de former le gouvernement. Une rumeur tellement insistante que les \u00ab\u00a0amis\u00a0\u00bb de Ka\u00efs Sa\u00efed se sont empress\u00e9s [&hellip;]<\/p>\n","protected":false},"author":1789,"featured_media":0,"comment_status":"closed","ping_status":"closed","sticky":false,"template":"","format":"standard","meta":{"fifu_image_url":"","fifu_image_alt":"","footnotes":""},"categories":[73,55],"tags":[],"class_list":["post-129429","post","type-post","status-publish","format-standard","hentry","category-actualite","category-tunisie"],"_links":{"self":[{"href":"https:\/\/linitiative.ca\/International\/wp-json\/wp\/v2\/posts\/129429","targetHints":{"allow":["GET"]}}],"collection":[{"href":"https:\/\/linitiative.ca\/International\/wp-json\/wp\/v2\/posts"}],"about":[{"href":"https:\/\/linitiative.ca\/International\/wp-json\/wp\/v2\/types\/post"}],"author":[{"embeddable":true,"href":"https:\/\/linitiative.ca\/International\/wp-json\/wp\/v2\/users\/1789"}],"replies":[{"embeddable":true,"href":"https:\/\/linitiative.ca\/International\/wp-json\/wp\/v2\/comments?post=129429"}],"version-history":[{"count":0,"href":"https:\/\/linitiative.ca\/International\/wp-json\/wp\/v2\/posts\/129429\/revisions"}],"wp:attachment":[{"href":"https:\/\/linitiative.ca\/International\/wp-json\/wp\/v2\/media?parent=129429"}],"wp:term":[{"taxonomy":"category","embeddable":true,"href":"https:\/\/linitiative.ca\/International\/wp-json\/wp\/v2\/categories?post=129429"},{"taxonomy":"post_tag","embeddable":true,"href":"https:\/\/linitiative.ca\/International\/wp-json\/wp\/v2\/tags?post=129429"}],"curies":[{"name":"wp","href":"https:\/\/api.w.org\/{rel}","templated":true}]}}