{"id":129431,"date":"2021-10-08T17:10:18","date_gmt":"2021-10-08T21:10:18","guid":{"rendered":"https:\/\/linitiative.ca\/International\/tunisie-la-designation-de-najla-bouden-etait-elle-en-realite-un-leurre-pour-preparer-le-terrain-a-nadia-akacha\/"},"modified":"2021-10-08T17:10:18","modified_gmt":"2021-10-08T21:10:18","slug":"tunisie-la-designation-de-najla-bouden-etait-elle-en-realite-un-leurre-pour-preparer-le-terrain-a-nadia-akacha","status":"publish","type":"post","link":"https:\/\/linitiative.ca\/International\/tunisie-la-designation-de-najla-bouden-etait-elle-en-realite-un-leurre-pour-preparer-le-terrain-a-nadia-akacha\/","title":{"rendered":"Tunisie \u2013 La d\u00e9signation de Najla Bouden \u00e9tait-elle en r\u00e9alit\u00e9 un leurre pour pr\u00e9parer le terrain \u00e0 Nadia Akacha\u00a0?"},"content":{"rendered":"<div>\n<p>L\u2019ancien ministre Abdelwaheb Ma\u00e2tar, a annonc\u00e9, ce vendredi, \u00e0 travers sa page facebook, qu\u2019il se demandait si la d\u00e9signation de Najla Bouden, n\u2019\u00e9tait pas, en fait, qu\u2019un simple leurre, pour la faire d\u00e9signer, et, par la suite, la terrifier par l\u2019ampleur des probl\u00e8mes, afin de la pousser \u00e0 se retirer, pour, enfin, revenir au premier [\u2026]<\/p>\n<p>L\u2019article <a href=\"https:\/\/www.tunisienumerique.com\/tunisie-la-designation-de-najla-bouden-etait-elle-en-realite-un-leurre-pour-preparer-le-terrain-a-nadia-akacha\/\">Tunisie \u2013 La d\u00e9signation de Najla Bouden \u00e9tait-elle en r\u00e9alit\u00e9 un leurre pour pr\u00e9parer le terrain \u00e0 Nadia Akacha\u00a0?<\/a> est apparu en premier sur <a href=\"https:\/\/www.tunisienumerique.com\/\">Tunisie<\/a>.<\/p>\n<\/div>\n<p>Auteur: LM<br \/>\n<a href=\"https:\/\/www.tunisienumerique.com\/tunisie-la-designation-de-najla-bouden-etait-elle-en-realite-un-leurre-pour-preparer-le-terrain-a-nadia-akacha\/\">Cliquez ici pour lire l&rsquo;article depuis sa source.<\/a><\/p>\n","protected":false},"excerpt":{"rendered":"<p>L\u2019ancien ministre Abdelwaheb Ma\u00e2tar, a annonc\u00e9, ce vendredi, \u00e0 travers sa page facebook, qu\u2019il se demandait si la d\u00e9signation de Najla Bouden, n\u2019\u00e9tait pas, en fait, qu\u2019un simple leurre, pour la faire d\u00e9signer, et, par la suite, la terrifier par l\u2019ampleur des probl\u00e8mes, afin de la pousser \u00e0 se retirer, pour, enfin, revenir au premier [&hellip;]<\/p>\n","protected":false},"author":1789,"featured_media":0,"comment_status":"closed","ping_status":"closed","sticky":false,"template":"","format":"standard","meta":{"fifu_image_url":"","fifu_image_alt":"","footnotes":""},"categories":[73,55],"tags":[],"class_list":["post-129431","post","type-post","status-publish","format-standard","hentry","category-actualite","category-tunisie"],"_links":{"self":[{"href":"https:\/\/linitiative.ca\/International\/wp-json\/wp\/v2\/posts\/129431","targetHints":{"allow":["GET"]}}],"collection":[{"href":"https:\/\/linitiative.ca\/International\/wp-json\/wp\/v2\/posts"}],"about":[{"href":"https:\/\/linitiative.ca\/International\/wp-json\/wp\/v2\/types\/post"}],"author":[{"embeddable":true,"href":"https:\/\/linitiative.ca\/International\/wp-json\/wp\/v2\/users\/1789"}],"replies":[{"embeddable":true,"href":"https:\/\/linitiative.ca\/International\/wp-json\/wp\/v2\/comments?post=129431"}],"version-history":[{"count":0,"href":"https:\/\/linitiative.ca\/International\/wp-json\/wp\/v2\/posts\/129431\/revisions"}],"wp:attachment":[{"href":"https:\/\/linitiative.ca\/International\/wp-json\/wp\/v2\/media?parent=129431"}],"wp:term":[{"taxonomy":"category","embeddable":true,"href":"https:\/\/linitiative.ca\/International\/wp-json\/wp\/v2\/categories?post=129431"},{"taxonomy":"post_tag","embeddable":true,"href":"https:\/\/linitiative.ca\/International\/wp-json\/wp\/v2\/tags?post=129431"}],"curies":[{"name":"wp","href":"https:\/\/api.w.org\/{rel}","templated":true}]}}