{"id":129446,"date":"2021-10-08T15:18:02","date_gmt":"2021-10-08T19:18:02","guid":{"rendered":"https:\/\/linitiative.ca\/International\/maroc-le-roi-mohammed-vi-fixe-les-priorites-de-la-nouvelle-legislature\/"},"modified":"2021-10-08T15:18:02","modified_gmt":"2021-10-08T19:18:02","slug":"maroc-le-roi-mohammed-vi-fixe-les-priorites-de-la-nouvelle-legislature","status":"publish","type":"post","link":"https:\/\/linitiative.ca\/International\/maroc-le-roi-mohammed-vi-fixe-les-priorites-de-la-nouvelle-legislature\/","title":{"rendered":"Maroc : Le Roi Mohammed VI fixe les priorit\u00e9s de la nouvelle l\u00e9gislature"},"content":{"rendered":"<div>\n<p><img loading=\"lazy\" decoding=\"async\" width=\"780\" height=\"468\" src=\"https:\/\/linitiative.ca\/International\/wp-content\/uploads\/sites\/23\/2021\/10\/16337206823658.jpg\" class=\"attachment-post-thumbnail size-post-thumbnail wp-post-image\" alt=\"\" srcset=\"https:\/\/linitiative.ca\/International\/wp-content\/uploads\/sites\/23\/2021\/10\/16337206823658.jpg 780w, https:\/\/www.journalducameroun.com\/wp-content\/uploads\/2021\/10\/16337206823658-300x180.jpg 300w, https:\/\/www.journalducameroun.com\/wp-content\/uploads\/2021\/10\/16337206823658-768x461.jpg 768w, https:\/\/www.journalducameroun.com\/wp-content\/uploads\/2021\/10\/16337206823658-733x440.jpg 733w, https:\/\/www.journalducameroun.com\/wp-content\/uploads\/2021\/10\/16337206823658-600x360.jpg 600w\" sizes=\"auto, (max-width: 780px) 100vw, 780px\"><\/p>\n<p>Le Roi Mohammed VI a fix\u00e9, au gouvernement comme au Parlement, les trois priorit\u00e9s sur lesquelles ils doivent s&rsquo;atteler. Dans son discours \u00e0 l&rsquo;ouverture de la nouvelle l\u00e9gislature parlementaire, le Souverain a insist\u00e9 sur les trois priorit\u00e9s qui doivent \u00eatre mises en oeuvre \u00e0 savoir la d\u00e9fense des int\u00e9r\u00eats sup\u00e9rieurs du pays et le positionnement du Maroc aussi bien \u00e0 l&rsquo;\u00e9chelle r\u00e9gionale qu&rsquo;internationale, la relance de l&rsquo;\u00e9conomie et la mise en \u0153uvre du Nouveau mod\u00e8le de d\u00e9veloppement qui ouvre la voie \u00e0 une nouvelle g\u00e9n\u00e9ration de projets.\u00ab Cette l\u00e9gislature s&rsquo;amorce \u00e0 un moment o\u00f9 le Maroc entre dans une phase nouvelle qui requiert la mutualisation des efforts autour des priorit\u00e9s strat\u00e9giques. Ainsi, notre pays sera plus apte encore \u00e0 poursuivre son processus de d\u00e9veloppement et \u00e0 relever les d\u00e9fis ext\u00e9rieurs \u00bb, a lanc\u00e9 le Souverain \u00e0 l&rsquo;ouverture de la cette session l\u00e9gislative, qui co\u00efncide avec la nomination hier jeudi de la nouvelle \u00e9quip\u00e9e gouvernementale, dirig\u00e9e par Aziz Akhannouch.<\/p>\n<p>Pour lui, trois volets principaux retiennent essentiellement son attention. Il s&rsquo;agit de la n\u00e9cessaire \u00bb consolidation de la place occup\u00e9e par le Maroc et la d\u00e9fense imp\u00e9rieuse de ses int\u00e9r\u00eats sup\u00e9rieurs, particuli\u00e8rement dans la conjoncture pr\u00e9sente qui charrie dans son sillage d\u00e9fis, risques et menaces \u00bb.<\/p>\n<p>\u00ab De fait, la crise pand\u00e9mique a r\u00e9v\u00e9l\u00e9 le retour en force du th\u00e8me de la Souverainet\u00e9. Qu&rsquo;elle soit sanitaire, \u00e9nerg\u00e9tique, industrielle, alimentaire ou autre, sa pr\u00e9servation est devenue l&rsquo;enjeu d&rsquo;une v\u00e9ritable comp\u00e9tition qui suscite des r\u00e9actions f\u00e9briles chez certains \u00bb, rel\u00e8ve-t-il.<\/p>\n<p>\u00ab Si de nombreux pays ont connu d&rsquo;importants dysfonctionnements dans la fourniture et la distribution des produits de premi\u00e8re n\u00e9cessit\u00e9, le Maroc a r\u00e9ussi, lui, \u00e0 g\u00e9rer ses besoins en la mati\u00e8re et \u00e0 assurer un approvisionnement normal et suffisant de ses march\u00e9s, s&rsquo;est r\u00e9joui le Souverain.<\/p>\n<p>Pour consolider la s\u00e9curit\u00e9 strat\u00e9gique du pays, le Roi a appel\u00e9 \u00e0 la cr\u00e9ation d&rsquo;un dispositif national int\u00e9gr\u00e9 ayant pour objet la r\u00e9serve strat\u00e9gique de produits de premi\u00e8re n\u00e9cessit\u00e9, notamment alimentaires, sanitaires et \u00e9nerg\u00e9tiques et \u00e0 la mise \u00e0 jour continue des besoins nationaux en la mati\u00e8re.<\/p>\n<p>Le deuxi\u00e8me volet porte sur la gestion de la crise pand\u00e9mique et la poursuite de la relance \u00e9conomique. Selon lui, le fait d&rsquo;assurer \u00ab la gratuit\u00e9 du vaccin, en d\u00e9pit du co\u00fbt qui se chiffre en milliards, l&rsquo;\u00c9tat s&rsquo;est acquitt\u00e9 de son devoir, veillant \u00e0 ce que les besoins fondamentaux des citoyens soient satisfaits et que la p\u00e9riode de crise soit la moins p\u00e9nible possible pour eux \u00bb.<\/p>\n<p>\u00ab Cependant, l&rsquo;\u00c9tat ne peut se substituer aux citoyens \u00e0 qui il incombe de se prot\u00e9ger et de pr\u00e9munir leurs familles. Il leur appartient ainsi de se faire vacciner, d&rsquo;utiliser les moyens de pr\u00e9vention disponibles et de respecter les mesures \u00e9dict\u00e9es par les pouvoirs publics \u00bb, a-t-il insist\u00e9.<\/p>\n<p>Quant au troisi\u00e8me volet, il a trait \u00e0 l&rsquo;op\u00e9rationnalisation du mod\u00e8le de d\u00e9veloppement et au lancement d&rsquo;une nouvelle g\u00e9n\u00e9ration de projets et de r\u00e9formes int\u00e9gr\u00e9s.<\/p>\n<p>A cet \u00e9gard, le Roi aspire \u00e0 ce que cette l\u00e9gislature \u00ab soit le point de d\u00e9part de cette dynamique volontariste ambitieuse incarnant l&rsquo;intelligence collective des Marocains \u00bb.<\/p>\n<p>Ainsi, \u00ab il convient de rappeler que le mod\u00e8le de d\u00e9veloppement n&rsquo;est pas un plan de mesures fig\u00e9 au sens conventionnel du terme \u00bb, mais, selon le Roi, il constitue plut\u00f4t \u00ab un cadre g\u00e9n\u00e9ral propice \u00e0 l&rsquo;action et apte \u00e0 instaurer de nouvelles r\u00e8gles, \u00e0 ouvrir de larges perspectives devant chacun et tous \u00bb.<\/p>\n<p>En outre, \u00ab le Pacte national pour le D\u00e9veloppement \u00bb repr\u00e9sente un levier essentiel pour la mise en \u0153uvre de ce mod\u00e8le, en ce qu&rsquo;il symbolise un engagement national souscrit envers Notre Majest\u00e9 et \u00e0 l&rsquo;\u00e9gard des Marocains \u00bb.<\/p>\n<p>Selon le Souverain, le mod\u00e8le de d\u00e9veloppement offre de vastes champs d&rsquo;action tant pour le gouvernement que pour le Parlement, avec toutes ses composantes.<\/p>\n<p>\u00ab Le mod\u00e8le de d\u00e9veloppement offre de vastes champs d&rsquo;action tant pour le gouvernement que pour le Parlement, avec toutes ses composantes\u00bb, a soulign\u00e9 le Roi, invitant le nouveau gouvernement \u00e0 \u00ab d\u00e9finir les priorit\u00e9s et les projets \u00e0 mettre en chantier au cours de son mandat et mobiliser les ressources n\u00e9cessaires pour assurer leur financement\u00bb.<\/p>\n<p>Le nouvel ex\u00e9cutif a \u00e9galement \u00e9t\u00e9 exhort\u00e9 par le Souverain \u00e0 \u00ab parachever les grands projets d\u00e9j\u00e0 lanc\u00e9s, au premier rang desquels le chantier de g\u00e9n\u00e9ralisation de la protection sociale auquel Nous accordons une sollicitude toute particuli\u00e8re \u00bb.<\/p>\n<p>Le Roi n&rsquo;a pas manqu\u00e9 de citer d&rsquo;autres chantiers primordiaux pour le pays et \u00e0 leur t\u00eate la r\u00e9forme du secteur de la sant\u00e9. \u00ab Le d\u00e9fi majeur consiste \u00e0 op\u00e9rer une v\u00e9ritable mise \u00e0 niveau du syst\u00e8me de sant\u00e9, conform\u00e9ment aux meilleurs standards et en synergie totale entre secteurs public et priv\u00e9\u00bb, a indiqu\u00e9 le Roi.<\/p>\n<p>\u00ab Cette m\u00eame logique doit guider la mise en \u0153uvre de la r\u00e9forme des entreprises et \u00e9tablissements publics et pr\u00e9sider \u00e0 la r\u00e9forme fiscale, qu&rsquo;il convient de conforter, avec la plus grande c\u00e9l\u00e9rit\u00e9, par une nouvelle charte comp\u00e9titive de l&rsquo;investissement \u00bb, a-t-il ajout\u00e9 le Souverain.<\/p>\n<p>Cet article <a rel=\"nofollow\" href=\"https:\/\/www.journalducameroun.com\/maroc-le-roi-mohammed-vi-fixe-les-priorites-de-la-nouvelle-legislature\/\">Maroc : Le Roi Mohammed VI fixe les priorit\u00e9s de la nouvelle l\u00e9gislature<\/a> est apparu en premier sur <a rel=\"nofollow\" href=\"https:\/\/www.journalducameroun.com\/\">Journal du Cameroun<\/a>.<\/p>\n<\/div>\n<p>Auteur: APA News<br \/>\n<a href=\"https:\/\/www.journalducameroun.com\/maroc-le-roi-mohammed-vi-fixe-les-priorites-de-la-nouvelle-legislature\/\">Cliquez ici pour lire l&rsquo;article depuis sa source.<\/a><\/p>\n","protected":false},"excerpt":{"rendered":"<p>Le Roi Mohammed VI a fix\u00e9, au gouvernement comme au Parlement, les trois priorit\u00e9s sur lesquelles ils doivent s&rsquo;atteler. Dans son discours \u00e0 l&rsquo;ouverture de la nouvelle l\u00e9gislature parlementaire, le Souverain a insist\u00e9 sur les trois priorit\u00e9s qui doivent \u00eatre mises en oeuvre \u00e0 savoir la d\u00e9fense des int\u00e9r\u00eats sup\u00e9rieurs du pays et le positionnement [&hellip;]<\/p>\n","protected":false},"author":1965,"featured_media":0,"comment_status":"closed","ping_status":"closed","sticky":false,"template":"","format":"standard","meta":{"fifu_image_url":"https:\/\/www.journalducameroun.com\/wp-content\/uploads\/2021\/10\/16337206823658.jpg","fifu_image_alt":"Maroc : Le Roi Mohammed VI fixe les priorit\u00e9s de la nouvelle l\u00e9gislature","footnotes":""},"categories":[73,82],"tags":[],"class_list":["post-129446","post","type-post","status-publish","format-standard","hentry","category-actualite","category-cameroun"],"_links":{"self":[{"href":"https:\/\/linitiative.ca\/International\/wp-json\/wp\/v2\/posts\/129446","targetHints":{"allow":["GET"]}}],"collection":[{"href":"https:\/\/linitiative.ca\/International\/wp-json\/wp\/v2\/posts"}],"about":[{"href":"https:\/\/linitiative.ca\/International\/wp-json\/wp\/v2\/types\/post"}],"author":[{"embeddable":true,"href":"https:\/\/linitiative.ca\/International\/wp-json\/wp\/v2\/users\/1965"}],"replies":[{"embeddable":true,"href":"https:\/\/linitiative.ca\/International\/wp-json\/wp\/v2\/comments?post=129446"}],"version-history":[{"count":0,"href":"https:\/\/linitiative.ca\/International\/wp-json\/wp\/v2\/posts\/129446\/revisions"}],"wp:attachment":[{"href":"https:\/\/linitiative.ca\/International\/wp-json\/wp\/v2\/media?parent=129446"}],"wp:term":[{"taxonomy":"category","embeddable":true,"href":"https:\/\/linitiative.ca\/International\/wp-json\/wp\/v2\/categories?post=129446"},{"taxonomy":"post_tag","embeddable":true,"href":"https:\/\/linitiative.ca\/International\/wp-json\/wp\/v2\/tags?post=129446"}],"curies":[{"name":"wp","href":"https:\/\/api.w.org\/{rel}","templated":true}]}}