{"id":129448,"date":"2021-10-08T16:18:01","date_gmt":"2021-10-08T20:18:01","guid":{"rendered":"https:\/\/linitiative.ca\/International\/le-senegal-veut-reajuster-la-prime-fixe-sur-lelectricite\/"},"modified":"2021-10-08T16:18:01","modified_gmt":"2021-10-08T20:18:01","slug":"le-senegal-veut-reajuster-la-prime-fixe-sur-lelectricite","status":"publish","type":"post","link":"https:\/\/linitiative.ca\/International\/le-senegal-veut-reajuster-la-prime-fixe-sur-lelectricite\/","title":{"rendered":"Le S\u00e9n\u00e9gal veut r\u00e9ajuster la prime fixe sur l\u2019\u00e9lectricit\u00e9"},"content":{"rendered":"<div>\n<p><img loading=\"lazy\" decoding=\"async\" width=\"302\" height=\"167\" src=\"https:\/\/linitiative.ca\/International\/wp-content\/uploads\/sites\/23\/2021\/10\/16337242813663.jpg\" class=\"attachment-post-thumbnail size-post-thumbnail wp-post-image\" alt=\"\" srcset=\"https:\/\/linitiative.ca\/International\/wp-content\/uploads\/sites\/23\/2021\/10\/16337242813663.jpg 302w, https:\/\/www.journalducameroun.com\/wp-content\/uploads\/2021\/10\/16337242813663-300x166.jpg 300w\" sizes=\"auto, (max-width: 302px) 100vw, 302px\"><\/p>\n<p>Le minist\u00e8re du D\u00e9veloppement industriel et des Petites et Moyennes Industries va mener une \u00e9tude pour identifier les secteurs \u00e9ligibles \u00e0 une diminution ou une suppression de cette taxation suppl\u00e9mentaire sur le co\u00fbt de l&rsquo;\u00e9nergie.Les industriels la pr\u00e9sentent comme un frein \u00e0 la comp\u00e9titivit\u00e9. A juste mesure. Au S\u00e9n\u00e9gal, la prime fixe sur l&rsquo;\u00e9lectricit\u00e9 co\u00fbte 4 000 mille CFA alors qu&rsquo;au Maroc elle est \u00e0 2 600 FCFA, soit une diff\u00e9rence de 1 400 FCFA. \u00a0Un avantage consid\u00e9rable pour les entreprises du royaume ch\u00e9rifien car b\u00e9n\u00e9ficiant d&rsquo;un co\u00fbt de production moins \u00e9lev\u00e9 avec des produits finis plus accessibles sur le march\u00e9.<\/p>\n<p>Pour pallier ce gap, le minist\u00e8re du D\u00e9veloppement industriel et des Petites et Moyennes Industries va mener tr\u00e8s prochainement une \u00e9tude pour identifier les secteurs de l&rsquo;industrie devant b\u00e9n\u00e9ficier d&rsquo;un r\u00e9ajustement de la prime fixe sur l&rsquo;\u00e9lectricit\u00e9. \u00a0<\/p>\n<p>\u00ab Il nous faut aller vers une r\u00e9flexion plus approfondie pour voir l&rsquo;ensemble des branches de l&rsquo;industrie o\u00f9 il faut proc\u00e9der \u00e0 un all\u00e8gement de cette prime fixe. Nous ne disons pas qu&rsquo;il faut la supprimer partout, mais il nous faut d\u00e9terminer l\u00e0 o\u00f9 il faut la supprimer, la diminuer ou encore la maintenir \u00bb, a d\u00e9clar\u00e9 le Secr\u00e9taire g\u00e9n\u00e9ral dudit minist\u00e8re, Adama Baye Racine Ndiaye.<\/p>\n<p>Il s&rsquo;exprimait, vendredi, \u00e0 l&rsquo;occasion de la pr\u00e9sentation des r\u00e9sultats \u00e0 mi-parcours de l&rsquo;atelier intensif de structuration du plan de relance du secteur pharmaceutique.<\/p>\n<p>Ce dernier vise \u00e0 garantir la souverainet\u00e9 du S\u00e9n\u00e9gal en mati\u00e8re de m\u00e9dicaments essentiels, en r\u00e9duisant la d\u00e9pendance aux importations de produits pharmaceutiques par l&rsquo;acc\u00e9l\u00e9ration de la production et de la distribution locale de m\u00e9dicaments et de consommables.<\/p>\n<p>Concr\u00e8tement, la strat\u00e9gie de d\u00e9veloppement de l&rsquo;industrie pharmaceutique du S\u00e9n\u00e9gal vise \u00e0 relever le d\u00e9fi d&rsquo;une production locale de m\u00e9dicaments de 30% d&rsquo;ici 2030 et 50% d&rsquo;ici 2035.<\/p>\n<p>Revenant sur les raisons de la rencontre du jour, M. Ndiaye a indiqu\u00e9 qu&rsquo;il s&rsquo;agit d&rsquo;un moment fort d&rsquo;\u00e9changes, de partage et de r\u00e9flexion sur une probl\u00e9matique d&rsquo;actualit\u00e9 qui est la relance de l&rsquo;industrie pharmaceutique occasionn\u00e9e essentiellement par la pand\u00e9mie de Covid-19.\u00a0<\/p>\n<p>\u00ab L&rsquo;axe trois de la nouvelle politique industrielle valid\u00e9e par le Chef de l&rsquo;Etat porte sur le d\u00e9veloppement de l&rsquo;industrie pharmaceutique et de la pharmacop\u00e9e \u00bb, a-t-il dit. Cet exercice men\u00e9 par le BOS permettra de \u00ab tracer le chemin \u00e0 suivre pour d\u00e9velopper l&rsquo;industrie pharmaceutique \u00bb, a ajout\u00e9 Adama Baye Racine Ndiaye.<\/p>\n<p>Cet article <a rel=\"nofollow\" href=\"https:\/\/www.journalducameroun.com\/le-senegal-veut-reajuster-la-prime-fixe-sur-lelectricite\/\">Le S\u00e9n\u00e9gal veut r\u00e9ajuster la prime fixe sur l\u2019\u00e9lectricit\u00e9<\/a> est apparu en premier sur <a rel=\"nofollow\" href=\"https:\/\/www.journalducameroun.com\/\">Journal du Cameroun<\/a>.<\/p>\n<\/div>\n<p>Auteur: APA News<br \/>\n<a href=\"https:\/\/www.journalducameroun.com\/le-senegal-veut-reajuster-la-prime-fixe-sur-lelectricite\/\">Cliquez ici pour lire l&rsquo;article depuis sa source.<\/a><\/p>\n","protected":false},"excerpt":{"rendered":"<p>Le minist\u00e8re du D\u00e9veloppement industriel et des Petites et Moyennes Industries va mener une \u00e9tude pour identifier les secteurs \u00e9ligibles \u00e0 une diminution ou une suppression de cette taxation suppl\u00e9mentaire sur le co\u00fbt de l&rsquo;\u00e9nergie.Les industriels la pr\u00e9sentent comme un frein \u00e0 la comp\u00e9titivit\u00e9. A juste mesure. Au S\u00e9n\u00e9gal, la prime fixe sur l&rsquo;\u00e9lectricit\u00e9 co\u00fbte [&hellip;]<\/p>\n","protected":false},"author":1965,"featured_media":0,"comment_status":"closed","ping_status":"closed","sticky":false,"template":"","format":"standard","meta":{"fifu_image_url":"https:\/\/www.journalducameroun.com\/wp-content\/uploads\/2021\/10\/16337242813663.jpg","fifu_image_alt":"Le S\u00e9n\u00e9gal veut r\u00e9ajuster la prime fixe sur l\u2019\u00e9lectricit\u00e9","footnotes":""},"categories":[73,82],"tags":[],"class_list":["post-129448","post","type-post","status-publish","format-standard","hentry","category-actualite","category-cameroun"],"_links":{"self":[{"href":"https:\/\/linitiative.ca\/International\/wp-json\/wp\/v2\/posts\/129448","targetHints":{"allow":["GET"]}}],"collection":[{"href":"https:\/\/linitiative.ca\/International\/wp-json\/wp\/v2\/posts"}],"about":[{"href":"https:\/\/linitiative.ca\/International\/wp-json\/wp\/v2\/types\/post"}],"author":[{"embeddable":true,"href":"https:\/\/linitiative.ca\/International\/wp-json\/wp\/v2\/users\/1965"}],"replies":[{"embeddable":true,"href":"https:\/\/linitiative.ca\/International\/wp-json\/wp\/v2\/comments?post=129448"}],"version-history":[{"count":0,"href":"https:\/\/linitiative.ca\/International\/wp-json\/wp\/v2\/posts\/129448\/revisions"}],"wp:attachment":[{"href":"https:\/\/linitiative.ca\/International\/wp-json\/wp\/v2\/media?parent=129448"}],"wp:term":[{"taxonomy":"category","embeddable":true,"href":"https:\/\/linitiative.ca\/International\/wp-json\/wp\/v2\/categories?post=129448"},{"taxonomy":"post_tag","embeddable":true,"href":"https:\/\/linitiative.ca\/International\/wp-json\/wp\/v2\/tags?post=129448"}],"curies":[{"name":"wp","href":"https:\/\/api.w.org\/{rel}","templated":true}]}}