{"id":129452,"date":"2021-10-08T04:24:53","date_gmt":"2021-10-08T08:24:53","guid":{"rendered":"https:\/\/linitiative.ca\/International\/la-cosumaf-organise-une-semaine-deducation-financiere-et-boursiere-au-sein-de-la-cemac\/"},"modified":"2021-10-08T04:24:53","modified_gmt":"2021-10-08T08:24:53","slug":"la-cosumaf-organise-une-semaine-deducation-financiere-et-boursiere-au-sein-de-la-cemac","status":"publish","type":"post","link":"https:\/\/linitiative.ca\/International\/la-cosumaf-organise-une-semaine-deducation-financiere-et-boursiere-au-sein-de-la-cemac\/","title":{"rendered":"La Cosumaf organise une semaine d\u2019\u00e9ducation financi\u00e8re et boursi\u00e8re au sein de la Cemac"},"content":{"rendered":"<div>\n<p>\u00abL\u2019\u00e9ducation boursi\u00e8re et la protection de l\u2019investisseur \u00e0 l\u2019\u00e8re de la digitalisation des instruments financiers et de la gestion collective\u00bb. C\u2019est le th\u00e8me retenu pour\u00a0 la semaine Internationale de l\u2019Investisseur (Siic 2021) organis\u00e9e sur l\u2019ensemble des 6 \u00c9tats de la Cemac. L\u2019\u00e9v\u00e8nement regroupe\u00a0 l\u2019ensemble des juridictions des march\u00e9s financiers, les organismes de r\u00e9gulation du march\u00e9 financier international, leurs juridictions respectives, sur les th\u00e8mes cl\u00e9s de l\u2019information sur la protection de l\u2019investisseur, et l\u2019\u00e9ducation \u00e0 la culture boursi\u00e8re.<\/p>\n<p>Cette semaine \u00abs\u2019inscrit dans la dynamique d\u2019une plus forte mobilisation de l\u2019\u00e9pargne domestique en zone CEMAC ainsi que la sensibilisation de l\u2019investisseur averti ou potentiel, \u00e0 l\u2019aube d\u2019une actualit\u00e9 br\u00fblante marqu\u00e9e par l\u2019irruption de nouveaux instruments financiers sur notre march\u00e9\u00a0\u00bb explique l\u2019Ambassadeur Nagoum Yamassoum, le pr\u00e9sident de la Cosumaf.<\/p>\n<p>La rencontre de Douala entre interm\u00e9diaires du march\u00e9 et investisseurs potentiels vise en termes d\u2019objectifs marketing, d\u2019apr\u00e8s les organisateurs, \u00e0 \u00abdiss\u00e9miner des messages cl\u00e9s qui renforcent la culture financi\u00e8re de l\u2019investisseur pour sa meilleure protection\u00bb, et \u00e0 \u00aboffrir des opportunit\u00e9s d\u2019apprentissage et de formation de l\u2019investisseur\u00bb. Webinaires, ateliers, visite des stands, rencontres B2B et B2C, formations promotions des interm\u00e9diaires du march\u00e9\u2026Constitueront l\u2019essentiel de ce s\u00e9minaire international. Des journ\u00e9es portes ouvertes sp\u00e9ciales \u00abjourn\u00e9e de cotation de la Bourse de Douala\u00bb, et des activit\u00e9s d\u2019information sont \u00e9galement pr\u00e9vues \u00e0 l\u2019intention des \u00e9tudiants, \u00e9l\u00e8ves, travailleurs, sans emploi, cadres, agents, ouvriers, fonctionnaires, employ\u00e9s du secteur priv\u00e9, entrepreneurs, professions lib\u00e9rales de l\u2019ensemble des 6 Etats de la Cemac.\u00a0<\/p>\n<p>\u00abLa Semaine internationale de l\u2019investisseur\u00a0 est un cadre de collaboration entre diff\u00e9rents r\u00e9gulateurs dans le domaine de l\u2019\u00e9ducation et de la protection de l\u2019investisseur\u00bb, indiquent les responsables de la Commission de surveillance des march\u00e9s financiers. Le cadrage du plan d\u2019action s\u2019int\u00e9resse ainsi aux types d\u2019activit\u00e9s, les acteurs, les partenaires et \u00e0 quels co\u00fbts (quoi, qui, quand, combien). La rencontre de la capitale \u00e9conomique camerounaise\u00a0 se d\u00e9roulera en pr\u00e9sentiel au Cameroun et en virtuel dans la zone Cemac.<\/p>\n<p>L\u2019article <a rel=\"nofollow\" href=\"https:\/\/ecomatin.net\/la-cosumaf-organise-une-semaine-deducation-n-financiere-et-boursiere-au-sein-de-la-cemac\/\">La Cosumaf organise une semaine d\u2019\u00e9ducation financi\u00e8re et boursi\u00e8re au sein de la Cemac<\/a> est apparu en premier sur <a rel=\"nofollow\" href=\"https:\/\/ecomatin.net\/\">EcoMatin<\/a>.<\/p>\n<\/div>\n<p>Auteur: Georges Semey<br \/>\n<a href=\"https:\/\/ecomatin.net\/la-cosumaf-organise-une-semaine-deducation-n-financiere-et-boursiere-au-sein-de-la-cemac\/\">Cliquez ici pour lire l&rsquo;article depuis sa source.<\/a><\/p>\n","protected":false},"excerpt":{"rendered":"<p>\u00abL\u2019\u00e9ducation boursi\u00e8re et la protection de l\u2019investisseur \u00e0 l\u2019\u00e8re de la digitalisation des instruments financiers et de la gestion collective\u00bb. C\u2019est le th\u00e8me retenu pour\u00a0 la semaine Internationale de l\u2019Investisseur (Siic 2021) organis\u00e9e sur l\u2019ensemble des 6 \u00c9tats de la Cemac. L\u2019\u00e9v\u00e8nement regroupe\u00a0 l\u2019ensemble des juridictions des march\u00e9s financiers, les organismes de r\u00e9gulation du march\u00e9 [&hellip;]<\/p>\n","protected":false},"author":1969,"featured_media":0,"comment_status":"closed","ping_status":"closed","sticky":false,"template":"","format":"standard","meta":{"fifu_image_url":"","fifu_image_alt":"","footnotes":""},"categories":[82,78],"tags":[],"class_list":["post-129452","post","type-post","status-publish","format-standard","hentry","category-cameroun","category-economie"],"_links":{"self":[{"href":"https:\/\/linitiative.ca\/International\/wp-json\/wp\/v2\/posts\/129452","targetHints":{"allow":["GET"]}}],"collection":[{"href":"https:\/\/linitiative.ca\/International\/wp-json\/wp\/v2\/posts"}],"about":[{"href":"https:\/\/linitiative.ca\/International\/wp-json\/wp\/v2\/types\/post"}],"author":[{"embeddable":true,"href":"https:\/\/linitiative.ca\/International\/wp-json\/wp\/v2\/users\/1969"}],"replies":[{"embeddable":true,"href":"https:\/\/linitiative.ca\/International\/wp-json\/wp\/v2\/comments?post=129452"}],"version-history":[{"count":0,"href":"https:\/\/linitiative.ca\/International\/wp-json\/wp\/v2\/posts\/129452\/revisions"}],"wp:attachment":[{"href":"https:\/\/linitiative.ca\/International\/wp-json\/wp\/v2\/media?parent=129452"}],"wp:term":[{"taxonomy":"category","embeddable":true,"href":"https:\/\/linitiative.ca\/International\/wp-json\/wp\/v2\/categories?post=129452"},{"taxonomy":"post_tag","embeddable":true,"href":"https:\/\/linitiative.ca\/International\/wp-json\/wp\/v2\/tags?post=129452"}],"curies":[{"name":"wp","href":"https:\/\/api.w.org\/{rel}","templated":true}]}}