{"id":129457,"date":"2021-10-09T04:00:52","date_gmt":"2021-10-09T08:00:52","guid":{"rendered":"https:\/\/linitiative.ca\/International\/vivre-sans-reseaux-sociaux\/"},"modified":"2021-10-09T04:00:52","modified_gmt":"2021-10-09T08:00:52","slug":"vivre-sans-reseaux-sociaux","status":"publish","type":"post","link":"https:\/\/linitiative.ca\/International\/vivre-sans-reseaux-sociaux\/","title":{"rendered":"Vivre sans r\u00e9seaux sociaux !"},"content":{"rendered":"<div>\n<p><img decoding=\"async\" width=\"300\" height=\"153\" src=\"https:\/\/linitiative.ca\/International\/wp-content\/uploads\/sites\/23\/2021\/10\/reseaux-sociaux-300x153-1.jpg\" class=\"attachment-medium size-medium wp-post-image\" alt=\"\" loading=\"lazy\" srcset=\"https:\/\/linitiative.ca\/International\/wp-content\/uploads\/sites\/23\/2021\/10\/reseaux-sociaux-300x153-1.jpg 300w, https:\/\/aujourdhui.ma\/wp-content\/uploads\/2018\/05\/reseaux-sociaux.jpg 746w\" sizes=\"auto, (max-width: 300px) 100vw, 300px\"><\/p>\n<p><span style=\"color: #800000;\"><strong>Mon ami sceptique comme \u00e0 son habitude m\u2019appelle en se gaussant me disant que voil\u00e0 : \u00abun simple bug et c\u2019est la fin desdits r\u00e9seaux sociaux\u00bb que lui appelle les r\u00e9seaux asociaux.<\/strong><\/span><span id=\"more-388571\"><\/span><\/p>\n<div id=\"attachment_345687\" style=\"width: 221px\" class=\"wp-caption alignleft\"><a href=\"https:\/\/linitiative.ca\/International\/wp-content\/uploads\/sites\/23\/2021\/10\/Dr-Imane-Kendili-1.jpg\"><img decoding=\"async\" aria-describedby=\"caption-attachment-345687\" loading=\"lazy\" class=\" wp-image-345687\" src=\"https:\/\/linitiative.ca\/International\/wp-content\/uploads\/sites\/23\/2021\/10\/Dr-Imane-Kendili-1.jpg\" alt=\"\" width=\"211\" height=\"215\" srcset=\"https:\/\/linitiative.ca\/International\/wp-content\/uploads\/sites\/23\/2021\/10\/Dr-Imane-Kendili-1.jpg 373w, https:\/\/aujourdhui.ma\/wp-content\/uploads\/2020\/05\/Dr-Imane-Kendili-1-294x300.jpg 294w, https:\/\/aujourdhui.ma\/wp-content\/uploads\/2020\/05\/Dr-Imane-Kendili-1-36x36.jpg 36w\" sizes=\"auto, (max-width: 211px) 100vw, 211px\"><\/a><\/p>\n<p id=\"caption-attachment-345687\" class=\"wp-caption-text\"><span style=\"color: #800000;\"><strong>Par Dr Imane Kendili<\/strong><\/span><br \/><span style=\"color: #800000;\"><strong>Psychiatre-addictologue<\/strong><\/span><\/p>\n<\/div>\n<p>\u00abIl suffit d\u2019une panne pour que huit milliards d\u2019\u00eatres humains paniquent et angoissent. Tu vois mon amie \u00e0 quoi sommes-nous r\u00e9duits, nous autres pauvres humains ! Un court-circuit et nos neurones l\u00e2chent et nous voil\u00e0 plong\u00e9s dans le doute, dans la peur et la crainte ne sachant plus quoi faire de notre temps, \u00e9tant habitu\u00e9s au-del\u00e0 de toute limite \u00e0 vivre dans nos gadgets que l\u2019on dit smart mais qui au final nous rendent si pitoyables, si tristes, si d\u00e9pendants, si fragiles\u00bb. Dans un sens, mon ami a raison. Compl\u00e8tement raison. Mais j\u2019ose tout de m\u00eame une sortie en lui expliquant que toute cette technologie nous sert \u00e0 communiquer les uns avec les autres, \u00e0 travailler, \u00e0 nous faciliter la vie et les choses, bien s\u00fbr, pour peu que l\u2019on y mette du sien et que l\u2019on utilise tous ces outils \u00e0 bon escient.<\/p>\n<p>Ces r\u00e9seaux nous servent \u00e0 faire des recherches, \u00e0 nous mettre au courant des actualit\u00e9s du monde o\u00f9 nous vivons, \u00e0 partager nos travaux les uns avec les autres, \u00e0 nous enrichir aussi, dans un certain sens. Bien s\u00fbr, cette panne a g\u00e9n\u00e9r\u00e9 une grande angoisse. Bien s\u00fbr, les gens ont eu peur et se sont sentis coup\u00e9s du monde. C\u2019est tout naturel. C\u2019est tout normal. Ces r\u00e9seaux font partie de nos existences \u00e0 tous. Mon ami me coupe net et se lance : \u00abPour un psy, tu es bien gentille mon amie. C\u2019est vrai, on peut faire bon usage de toute cette technologie, mais dis-moi combien dans ce monde en font bon usage ? Les gens vivent dans ces r\u00e9seaux. Ils r\u00e9fl\u00e9chissent avec ces r\u00e9seaux. Ils planifient leurs vies selon ce qu\u2019ils y voient. C\u2019est devenu leurs uniques rep\u00e8res. Ils ne jurent que par eux. Ils y passent de longues heures.<\/p>\n<p>Certains en sont devenus accros et addicts. C\u2019est devenu un r\u00e9el probl\u00e8me de comportement et dans de nombreux cas une v\u00e9ritable pathologie. Passer toute la journ\u00e9e \u00e0 faire d\u00e9filer des images, \u00e0 regarder les fausses vies des autres, \u00e0 suivre telle ou telle c\u00e9l\u00e9brit\u00e9 qui nous sert sa dope dans une parfaite m\u00e9diocrit\u00e9, c\u2019est affligeant. C\u2019est tomber bien bas pour des humains qui se disent dot\u00e9s d\u2019intelligence \u00bb. Sinc\u00e8rement, le verdict de mon ami est juste \u00e0 plus d\u2019un \u00e9gard. C\u2019est certes sans appel et fort en symboles, mais je suis de nature optimiste et j\u2019aime garder espoir. Je lui dis que tout le monde n\u2019est pas log\u00e9 \u00e0 la m\u00eame enseigne, que de nombreuses personnes savent faire la part des choses et que le plus important est d\u2019avoir ces outils comme ouverture sur le monde. Sans oublier de lui donner raison sur le fait que c\u2019est devenu de v\u00e9ritables addictions pour un grand nombre d\u2019humains, surtout les jeunes qui ne savent pas filtrer et \u00e9viter les \u00e9cueils d\u2019une technologie qui peut les absorber sans commune mesure.<\/p>\n<p>Il me regarde durant quelques instants avant de d\u00e9gainer : \u00abJe te dis qu\u2019il a suffi d\u2019une petite avarie dans le syst\u00e8me et des gens se sont mis \u00e0 chialer, \u00e0 crier, \u00e0 tourner en rond comme dans des cages ne sachant plus quoi faire de ce trop-plein de temps vide qu\u2019il leur faut remplir co\u00fbte que co\u00fbte. Oui, mon amie, il y a des gens qui ont atterri dans des unit\u00e9s de soins pour attaque de panique quand d\u2019autres ont d\u00fb avaler des cachets pour passer le temps en attendant un retour des connexions. Je te dis que ce monde est mal barr\u00e9, mon amie. Je ne donne pas cher de cette humanit\u00e9. Elle est devenue si d\u00e9pendante des machines et des gadgets qu\u2019elle me fait froid dans le dos.<\/p>\n<p>Demain, nous serons remplac\u00e9s par des robots et c\u2019est la fin\u00bb. Cette derni\u00e8re phrase r\u00e9sonne fortement dans mon esprit depuis ce moment. Oui, l\u2019\u00e8re du robot qui peut supplanter l\u2019humain. Quelle perspective ! Quel futur ! Quelle finalit\u00e9 pour nous autres humains qui devons tout faire aujourd\u2019hui pour garder ce qui fait de nous des \u00eatres humains, avec nos valeurs, nos codes, nos dogmes, nos histoires, nos id\u00e9ologies et nos rep\u00e8res \u00e9thiques ! Je me dis que le monde o\u00f9 nous vivons peut devenir tra\u00eetre et \u00e9tranger. A nous de savoir n\u00e9gocier o\u00f9 sont les limites technologiques \u00e0 ne pas franchir. Car, \u00e0 quoi servirait tout ce que nous nommons progr\u00e8s si ce m\u00eame progr\u00e8s devait signer la fin de notre humanit\u00e9 ?<\/p>\n<\/div>\n<p>Auteur: ALM<br \/>\n<a href=\"https:\/\/aujourdhui.ma\/chroniques\/vivre-sans-reseaux-sociaux\">Cliquez ici pour lire l&rsquo;article depuis sa source.<\/a><\/p>\n","protected":false},"excerpt":{"rendered":"<p>Mon ami sceptique comme \u00e0 son habitude m\u2019appelle en se gaussant me disant que voil\u00e0 : \u00abun simple bug et c\u2019est la fin desdits r\u00e9seaux sociaux\u00bb que lui appelle les r\u00e9seaux asociaux. Par Dr Imane KendiliPsychiatre-addictologue \u00abIl suffit d\u2019une panne pour que huit milliards d\u2019\u00eatres humains paniquent et angoissent. Tu vois mon amie \u00e0 quoi [&hellip;]<\/p>\n","protected":false},"author":1759,"featured_media":0,"comment_status":"closed","ping_status":"closed","sticky":false,"template":"","format":"standard","meta":{"fifu_image_url":"https:\/\/aujourdhui.ma\/wp-content\/uploads\/2018\/05\/reseaux-sociaux-300x153.jpg","fifu_image_alt":"Vivre sans r\u00e9seaux sociaux !","footnotes":""},"categories":[73,54],"tags":[],"class_list":["post-129457","post","type-post","status-publish","format-standard","hentry","category-actualite","category-maroc"],"_links":{"self":[{"href":"https:\/\/linitiative.ca\/International\/wp-json\/wp\/v2\/posts\/129457","targetHints":{"allow":["GET"]}}],"collection":[{"href":"https:\/\/linitiative.ca\/International\/wp-json\/wp\/v2\/posts"}],"about":[{"href":"https:\/\/linitiative.ca\/International\/wp-json\/wp\/v2\/types\/post"}],"author":[{"embeddable":true,"href":"https:\/\/linitiative.ca\/International\/wp-json\/wp\/v2\/users\/1759"}],"replies":[{"embeddable":true,"href":"https:\/\/linitiative.ca\/International\/wp-json\/wp\/v2\/comments?post=129457"}],"version-history":[{"count":0,"href":"https:\/\/linitiative.ca\/International\/wp-json\/wp\/v2\/posts\/129457\/revisions"}],"wp:attachment":[{"href":"https:\/\/linitiative.ca\/International\/wp-json\/wp\/v2\/media?parent=129457"}],"wp:term":[{"taxonomy":"category","embeddable":true,"href":"https:\/\/linitiative.ca\/International\/wp-json\/wp\/v2\/categories?post=129457"},{"taxonomy":"post_tag","embeddable":true,"href":"https:\/\/linitiative.ca\/International\/wp-json\/wp\/v2\/tags?post=129457"}],"curies":[{"name":"wp","href":"https:\/\/api.w.org\/{rel}","templated":true}]}}