{"id":129476,"date":"2021-10-09T14:11:21","date_gmt":"2021-10-09T18:11:21","guid":{"rendered":"https:\/\/linitiative.ca\/International\/le-discours-royal-une-feuille-de-route-face-aux-effets-de-la-pandemie\/"},"modified":"2021-10-09T14:11:21","modified_gmt":"2021-10-09T18:11:21","slug":"le-discours-royal-une-feuille-de-route-face-aux-effets-de-la-pandemie","status":"publish","type":"post","link":"https:\/\/linitiative.ca\/International\/le-discours-royal-une-feuille-de-route-face-aux-effets-de-la-pandemie\/","title":{"rendered":"Le Discours Royal, une feuille de route face aux effets de la pand\u00e9mie"},"content":{"rendered":"<div>\n<div style=\"margin-bottom:20px;\"><img loading=\"lazy\" decoding=\"async\" width=\"750\" height=\"430\" src=\"https:\/\/linitiative.ca\/International\/wp-content\/uploads\/sites\/23\/2021\/10\/zakaria-khalil-copier-1.jpg\" class=\"attachment-post-thumbnail size-post-thumbnail wp-post-image\" alt=\"\" srcset=\"https:\/\/linitiative.ca\/International\/wp-content\/uploads\/sites\/23\/2021\/10\/zakaria-khalil-copier-1.jpg 750w, http:\/\/www.mapmarrakech.ma\/map\/uploads\/2021\/10\/zakaria-khalil-copier-1-300x172.jpg 300w\" sizes=\"auto, (max-width: 750px) 100vw, 750px\"><\/div>\n<p>Dans une d\u00e9claration \u00e0 M24, la chaine t\u00e9l\u00e9vis\u00e9e de l\u2019information en continu de la MAP, cet universitaire n\u2019a pas manqu\u00e9 de souligner que le Souverain a \u00e9tabli un diagnostic clair et minutieux des d\u00e9fis qui attendent le gouvernement et ce, \u00e0 trois niveaux.<\/p>\n<p>Il s\u2019agit du renforcement de la position du Maroc au plan international et la d\u00e9fense de ses int\u00e9r\u00eats supr\u00eames dans une conjoncture marqu\u00e9e par plusieurs d\u00e9fis et menaces, la gestion de la crise sanitaire et la poursuite de la relance de l\u2019\u00e9conomie nationale et enfin, la mise en \u0153uvre du Nouveau Mod\u00e8le de D\u00e9veloppement et le lancement de plusieurs projets et r\u00e9formes int\u00e9gr\u00e9es et de nouvelle g\u00e9n\u00e9ration, a-t-il expliqu\u00e9.<\/p>\n<p>Concernant le premier d\u00e9fi, M. Zakaria Khalil, a relev\u00e9 que Sa Majest\u00e9 le Roi Mohammed VI a mis l\u2019accent sur l\u2019importance de consolider la souverainet\u00e9 nationale dans ses dimensions sanitaire, alimentaire, \u00e9nerg\u00e9tique et industrielle, alors que le deuxi\u00e8me d\u00e9fi consiste \u00e0 poursuivre cet effort national notamment, \u00e0 travers l\u2019investissement public, le soutien et l\u2019incitation des entreprises, l\u2019adoption d\u2019une approche r\u00e9aliste visant \u00e0 nourrir les espoirs en un avenir meilleur, ce qui est de nature \u00e0 aider la soci\u00e9t\u00e9 et \u00e0 soutenir psychologiquement les citoyens afin de surmonter cette crise.<\/p>\n<p>S\u2019agissant du troisi\u00e8me d\u00e9fi relatif \u00e0 la mise en \u0153uvre du NMD et le lancement de plusieurs projets et r\u00e9formes int\u00e9gr\u00e9es et de nouvelle g\u00e9n\u00e9ration, cet acad\u00e9micien, a soulign\u00e9 que le Souverain a insist\u00e9 sur la n\u00e9cessit\u00e9 de motiver l\u2019intelligence collective des Marocains, tout en adoptant la nouvelle strat\u00e9gie de d\u00e9veloppement, qui repr\u00e9sente un cadre g\u00e9n\u00e9ral, ouvert pour l\u2019action, d\u00e9finissant de nouvelles r\u00e8gles et ouvrant de larges perspectives devant le gouvernement et le parlement.<\/p>\n<p>Il s\u2019agit aussi d\u2019adopter \u00ab\u00a0une Charte nationale pour le d\u00e9veloppement\u00a0\u00bb tout en veillant \u00e0 mettre en place les priorit\u00e9s et les projets et la mobilisation des moyens n\u00e9cessaires pour leur financement dans le cadre de la mise en \u0153uvre du nouveau mod\u00e8le de d\u00e9veloppement.<\/p>\n<p>Et de poursuivre que Sa Majest\u00e9 le Roi Mohammed VI a appel\u00e9 \u00e0 davantage de coordination, de compl\u00e9mentarit\u00e9 et d\u2019homog\u00e9n\u00e9it\u00e9 entre les politiques publiques.<\/p>\n<p>Pour ce faire, il sera proc\u00e9d\u00e9 \u00e0 une r\u00e9forme profonde du Haut-Commissariat au Plan (HCP) afin de le rendre un m\u00e9canisme au service de la coordination strat\u00e9gique des politiques publiques et de l\u2019accompagnement de l\u2019ex\u00e9cution du Nouveau Mod\u00e8le de D\u00e9veloppement, a-t-il conclu.<\/p>\n<p>The post <a rel=\"nofollow\" href=\"http:\/\/www.mapmarrakech.ma\/fr\/le-discours-royal-une-feuille-de-route-face-aux-repercussions-de-la-pandemie\/\">Le Discours Royal, une feuille de route face aux effets de la pand\u00e9mie<\/a> appeared first on <a rel=\"nofollow\" href=\"http:\/\/www.mapmarrakech.ma\/fr\">MapMarrakech<\/a>.<\/p>\n<\/div>\n<p>Auteur: Meriem IGASS<br \/>\n<a href=\"http:\/\/www.mapmarrakech.ma\/fr\/le-discours-royal-une-feuille-de-route-face-aux-repercussions-de-la-pandemie\/\">Cliquez ici pour lire l&rsquo;article depuis sa source.<\/a><\/p>\n","protected":false},"excerpt":{"rendered":"<p>Dans une d\u00e9claration \u00e0 M24, la chaine t\u00e9l\u00e9vis\u00e9e de l\u2019information en continu de la MAP, cet universitaire n\u2019a pas manqu\u00e9 de souligner que le Souverain a \u00e9tabli un diagnostic clair et minutieux des d\u00e9fis qui attendent le gouvernement et ce, \u00e0 trois niveaux. Il s\u2019agit du renforcement de la position du Maroc au plan international [&hellip;]<\/p>\n","protected":false},"author":1788,"featured_media":0,"comment_status":"closed","ping_status":"closed","sticky":false,"template":"","format":"standard","meta":{"fifu_image_url":"http:\/\/www.mapmarrakech.ma\/map\/uploads\/2021\/10\/zakaria-khalil-copier-1.jpg","fifu_image_alt":"Le Discours Royal, une feuille de route face aux effets de la pand\u00e9mie","footnotes":""},"categories":[54,76],"tags":[],"class_list":["post-129476","post","type-post","status-publish","format-standard","hentry","category-maroc","category-regions"],"_links":{"self":[{"href":"https:\/\/linitiative.ca\/International\/wp-json\/wp\/v2\/posts\/129476","targetHints":{"allow":["GET"]}}],"collection":[{"href":"https:\/\/linitiative.ca\/International\/wp-json\/wp\/v2\/posts"}],"about":[{"href":"https:\/\/linitiative.ca\/International\/wp-json\/wp\/v2\/types\/post"}],"author":[{"embeddable":true,"href":"https:\/\/linitiative.ca\/International\/wp-json\/wp\/v2\/users\/1788"}],"replies":[{"embeddable":true,"href":"https:\/\/linitiative.ca\/International\/wp-json\/wp\/v2\/comments?post=129476"}],"version-history":[{"count":0,"href":"https:\/\/linitiative.ca\/International\/wp-json\/wp\/v2\/posts\/129476\/revisions"}],"wp:attachment":[{"href":"https:\/\/linitiative.ca\/International\/wp-json\/wp\/v2\/media?parent=129476"}],"wp:term":[{"taxonomy":"category","embeddable":true,"href":"https:\/\/linitiative.ca\/International\/wp-json\/wp\/v2\/categories?post=129476"},{"taxonomy":"post_tag","embeddable":true,"href":"https:\/\/linitiative.ca\/International\/wp-json\/wp\/v2\/tags?post=129476"}],"curies":[{"name":"wp","href":"https:\/\/api.w.org\/{rel}","templated":true}]}}