{"id":129478,"date":"2021-10-08T16:26:06","date_gmt":"2021-10-08T20:26:06","guid":{"rendered":"https:\/\/linitiative.ca\/International\/oujda-signature-dune-convention-pour-lhabilitation-des-jeunes-au-mariage\/"},"modified":"2021-10-08T16:26:06","modified_gmt":"2021-10-08T20:26:06","slug":"oujda-signature-dune-convention-pour-lhabilitation-des-jeunes-au-mariage","status":"publish","type":"post","link":"https:\/\/linitiative.ca\/International\/oujda-signature-dune-convention-pour-lhabilitation-des-jeunes-au-mariage\/","title":{"rendered":"Oujda: Signature d\u2019une convention pour l\u2019habilitation des jeunes au mariage"},"content":{"rendered":"<div>\n<div style=\"margin-bottom:20px;\"><img loading=\"lazy\" decoding=\"async\" width=\"750\" height=\"430\" src=\"https:\/\/linitiative.ca\/International\/wp-content\/uploads\/sites\/23\/2021\/10\/Signature-dune-convention-portant-sur-lE28099habilitation-des-jeunes-au-mariage-750C397430-MAP-1.jpg\" class=\"attachment-post-thumbnail size-post-thumbnail wp-post-image\" alt=\"\" srcset=\"https:\/\/linitiative.ca\/International\/wp-content\/uploads\/sites\/23\/2021\/10\/Signature-dune-convention-portant-sur-lE28099habilitation-des-jeunes-au-mariage-750C397430-MAP-1.jpg 750w, http:\/\/www.mapoujda.ma\/map\/uploads\/2021\/10\/Signature-dune-convention-portant-sur-l\u2019habilitation-des-jeunes-au-mariage-750\u00d7430-MAP-1-300x172.jpg 300w\" sizes=\"auto, (max-width: 750px) 100vw, 750px\"><\/div>\n<div>\n<p style=\"text-align: justify;\">Une convention a \u00e9t\u00e9 sign\u00e9e, vendredi \u00e0 Oujda, entre l\u2019Association marocaine de planification familiale (AMPF), l\u2019Ordre r\u00e9gional des Adouls de la Cour d\u2019appel d\u2019Oujda et le Fonds des Nations Unies pour la population (UNFPA), portant sur l\u2019habilitation des jeunes au mariage.<\/p>\n<p style=\"text-align: justify;\">Cette convention, sign\u00e9e par la pr\u00e9sidente d\u00e9l\u00e9gu\u00e9e de l\u2019AMPF, Latifa Jamai, le pr\u00e9sident de l\u2019Ordre r\u00e9gional, Driss Fares et le repr\u00e9sentant de l\u2019UNFPA au Maroc, Luis Mora, a pour objectif de renforcer la coop\u00e9ration entre les trois parties afin de d\u00e9velopper des programmes de formation et de sensibilisation et de fournir des services de sant\u00e9 de qualit\u00e9 \u00e0 travers le \u00ab\u00a0Programme de l\u2019habilitation des jeunes au mariage\u00a0\u00bb, permettant la r\u00e9duction des risques en mati\u00e8re de sant\u00e9 sexuelle et reproductive qui pourraient nuire \u00e0 la sant\u00e9 et conduire \u00e0 des probl\u00e8mes familiaux.<\/p>\n<p style=\"text-align: justify;\">Dans ce cadre, l\u2019AMPF et l\u2019UNFPA ont collabor\u00e9 conjointement pour la conception et l\u2019\u00e9laboration d\u2019un livret destin\u00e9 aux jeunes fianc\u00e9s pour pr\u00e9venir les risques li\u00e9s \u00e0 la sant\u00e9 sexuelle et reproductive (SSR) et \u00e0 la violence bas\u00e9e sur le genre. Le contenu de ce livret sera partag\u00e9 avec les jeunes mari\u00e9s.<\/p>\n<p style=\"text-align: justify;\">Les Adouls ont \u00e9t\u00e9 impliqu\u00e9s durant tout le processus d\u2019\u00e9laboration, de validation du livret. Cela va permettre de renforcer la sensibilisation aux droits des jeunes en mati\u00e8re de sant\u00e9 sexuelle et reproductive, et aussi leur incitation \u00e0 s\u2019approprier le livret et \u00e0 l\u2019adopter comme outil de travail.<\/p>\n<p style=\"text-align: justify;\">En vertu de cette convention, d\u2019une dur\u00e9e de 3 ans renouvelable, l\u2019AMPF s\u2019engage notamment \u00e0 fournir ce livret aux jeunes mari\u00e9s et \u00e0 renforcer les capacit\u00e9s des Adouls en mati\u00e8re d\u2019\u00e9ducation sexuelle et d\u2019\u00e9ducation reproductive globale, tout en mettant son exp\u00e9rience dans ce domaine \u00e0 la disposition de l\u2019Ordre r\u00e9gional des Adouls de la Cour d\u2019appel d\u2019Oujda.<\/p>\n<p style=\"text-align: justify;\">De son c\u00f4t\u00e9, l\u2019Ordre r\u00e9gional des Adouls s\u2019engage \u00e0 d\u00e9signer les personnes qui feront l\u2019objet d\u2019un renforcement des capacit\u00e9s dans ce domaine et \u00e0 d\u00e9terminer les b\u00e9n\u00e9ficiaires des ateliers de formation et de sensibilisation, alors que l\u2019UNFPA se chargera de fournir le soutien logistique et technique, ainsi que de mobiliser les ressources financi\u00e8res dans le cadre du programme de coop\u00e9ration et de partenariat.<\/p>\n<p style=\"text-align: justify;\">Dans une allocution \u00e0 cette occasion, Mme Jamai a soulign\u00e9 l\u2019importance de l\u2019habilitation des jeunes au mariage, compte tenu du r\u00f4le fondamental de la famille en tant que noyau de la soci\u00e9t\u00e9 marocaine, ainsi que pour r\u00e9duire les risques li\u00e9s \u00e0 la sant\u00e9 reproductive et sexuelle, qui sont de nature \u00e0 nuire \u00e0 la sant\u00e9 et d\u00e9truire la famille.<\/p>\n<p style=\"text-align: justify;\">Cette convention vise \u00e0 renforcer la coop\u00e9ration entre les trois parties signataires que ce soit au niveau de sensibilisation, d\u2019\u00e9ducation et de formation et sur le plan social et de sant\u00e9, en vue de r\u00e9aliser le d\u00e9veloppement humain global, promouvoir la situation des femmes, des jeunes et des enfants et limiter les risques relatifs \u00e0 la sant\u00e9 reproductive et sexuelle pour les jeunes en \u00e2ge de se marier, a-t-elle ajout\u00e9.<\/p>\n<p style=\"text-align: justify;\">L\u2019AMPF mettra son exp\u00e9rience de plus de 50 ans en mati\u00e8re d\u2019\u00e9ducation et de sant\u00e9 sexuelle et reproductive \u00e0 la disposition de l\u2019Ordre r\u00e9gional des Adouls de la Cour d\u2019appel d\u2019Oujda, en vue de le doter d\u2019un certain nombre de m\u00e9canismes n\u00e9cessaires \u00e0 la conscientisation des jeunes mari\u00e9s, a affirm\u00e9 Mme Jamai, mettant l\u2019accent sur l\u2019importance du r\u00f4le des Adouls dans l\u2019encadrement de cette cat\u00e9gorie et leur sensibilisation \u00e0 leurs droits et obligations.<\/p>\n<p style=\"text-align: justify;\">De son c\u00f4t\u00e9, M. Fares a indiqu\u00e9, dans une d\u00e9claration \u00e0 la MAP, que la signature de cette convention vient couronner une s\u00e9rie de rencontres et d\u2019ateliers de formation et de sensibilisation tenues en collaboration avec l\u2019AMPL, affirmant la volont\u00e9 de l\u2019Ordre national et de l\u2019Ordre r\u00e9gional des Adouls de s\u2019ouvrir, \u00e0 travers ce partenariat, sur la soci\u00e9t\u00e9 civile.<\/p>\n<p style=\"text-align: justify;\">Pour sa part, le repr\u00e9sentant de l\u2019UNFPA au Maroc a relev\u00e9 le r\u00f4le essentiel que jouent les Adouls, notant que cette initiative vise \u00e0 soutenir cette cat\u00e9gorie et la sensibiliser sur des questions de grande importance, comme l\u2019\u00e9galit\u00e9 entre les sexes, la lutte contre la violence domestique contre les femmes et les filles, la r\u00e9partition \u00e9quitable des t\u00e2ches au sein de la famille et le respect mutuel entre les \u00e9poux.<\/p>\n<p style=\"text-align: justify;\">La c\u00e9r\u00e9monie de signature a \u00e9t\u00e9 marqu\u00e9e par la remise de certificats aux Adouls de la Cour d\u2019appel d\u2019Oujda ayant particip\u00e9 aux ateliers de sensibilisation et de formation, organis\u00e9s par l\u2019AMPL autour de la sant\u00e9 sexuelle et reproductive.<\/p>\n<p style=\"text-align: justify;\">L\u2019AMPF, en tant que membre \u00e0 part enti\u00e8re de la F\u00e9d\u00e9ration internationale du planning familial (IPPF), a toujours \u00e9t\u00e9 un partenaire incontournable de l\u2019UNFPA qui la soutient en particulier en mati\u00e8re de plaidoyer fond\u00e9 sur des preuves pour l\u2019acc\u00e8s des adolescents et des jeunes \u00e0 des informations et services centr\u00e9s sur l\u2019\u00e9ducation sexuelle compl\u00e8te, la g\u00e9n\u00e9ration des connaissances pour une meilleure prise de d\u00e9cision et le plaidoyer et l\u2019am\u00e9lioration des comp\u00e9tences des acteurs cl\u00e9s pour une meilleure qualit\u00e9 des services disponibles.<\/p>\n<p style=\"text-align: justify;\">L\u2019AMPF, dont la Pr\u00e9sidente d\u2019honneur est Son Altesse Royale La Princesse Lalla Meryem, est une organisation non gouvernementale \u00e0 but non lucratif, cr\u00e9\u00e9e en 1971 et qui a acquis le statut d\u2019utilit\u00e9 publique depuis 1972.<\/p>\n<p style=\"text-align: justify;\">L\u2019association a pour mission de promouvoir les Droits en Sant\u00e9 Sexuelle et Reproductive (DSSR), offrir des prestations en sant\u00e9 sexuelle et reproductive de qualit\u00e9, et faciliter l\u2019acc\u00e8s aux services en SSR \u00e0 la population, en particulier la moins desservie et vuln\u00e9rable.\u00a0Cette mission s\u2019int\u00e8gre dans une vision globale, celle d\u2019un Maroc o\u00f9 tous les individus jouissent de leurs droits en SSR.<\/p>\n<\/div>\n<p>L\u2019article <a rel=\"nofollow\" href=\"http:\/\/www.mapoujda.ma\/fr\/oujda-signature-dune-convention-pour-lhabilitation-des-jeunes-au-mariage\/\">Oujda: Signature d\u2019une convention pour l\u2019habilitation des jeunes au mariage<\/a> est apparu en premier sur <a rel=\"nofollow\" href=\"http:\/\/www.mapoujda.ma\/fr\">MapOujda<\/a>.<\/p>\n<\/div>\n<p>Auteur: Soufiane ELAHMAR<br \/>\n<a href=\"http:\/\/www.mapoujda.ma\/fr\/oujda-signature-dune-convention-pour-lhabilitation-des-jeunes-au-mariage\/\">Cliquez ici pour lire l&rsquo;article depuis sa source.<\/a><\/p>\n","protected":false},"excerpt":{"rendered":"<p>Une convention a \u00e9t\u00e9 sign\u00e9e, vendredi \u00e0 Oujda, entre l\u2019Association marocaine de planification familiale (AMPF), l\u2019Ordre r\u00e9gional des Adouls de la Cour d\u2019appel d\u2019Oujda et le Fonds des Nations Unies pour la population (UNFPA), portant sur l\u2019habilitation des jeunes au mariage. Cette convention, sign\u00e9e par la pr\u00e9sidente d\u00e9l\u00e9gu\u00e9e de l\u2019AMPF, Latifa Jamai, le pr\u00e9sident de [&hellip;]<\/p>\n","protected":false},"author":1788,"featured_media":0,"comment_status":"closed","ping_status":"closed","sticky":false,"template":"","format":"standard","meta":{"fifu_image_url":"http:\/\/www.mapoujda.ma\/map\/uploads\/2021\/10\/Signature-dune-convention-portant-sur-l\u2019habilitation-des-jeunes-au-mariage-750\u00d7430-MAP-1.jpg","fifu_image_alt":"Oujda: Signature d\u2019une convention pour l\u2019habilitation des jeunes au mariage","footnotes":""},"categories":[54,76],"tags":[],"class_list":["post-129478","post","type-post","status-publish","format-standard","hentry","category-maroc","category-regions"],"_links":{"self":[{"href":"https:\/\/linitiative.ca\/International\/wp-json\/wp\/v2\/posts\/129478","targetHints":{"allow":["GET"]}}],"collection":[{"href":"https:\/\/linitiative.ca\/International\/wp-json\/wp\/v2\/posts"}],"about":[{"href":"https:\/\/linitiative.ca\/International\/wp-json\/wp\/v2\/types\/post"}],"author":[{"embeddable":true,"href":"https:\/\/linitiative.ca\/International\/wp-json\/wp\/v2\/users\/1788"}],"replies":[{"embeddable":true,"href":"https:\/\/linitiative.ca\/International\/wp-json\/wp\/v2\/comments?post=129478"}],"version-history":[{"count":0,"href":"https:\/\/linitiative.ca\/International\/wp-json\/wp\/v2\/posts\/129478\/revisions"}],"wp:attachment":[{"href":"https:\/\/linitiative.ca\/International\/wp-json\/wp\/v2\/media?parent=129478"}],"wp:term":[{"taxonomy":"category","embeddable":true,"href":"https:\/\/linitiative.ca\/International\/wp-json\/wp\/v2\/categories?post=129478"},{"taxonomy":"post_tag","embeddable":true,"href":"https:\/\/linitiative.ca\/International\/wp-json\/wp\/v2\/tags?post=129478"}],"curies":[{"name":"wp","href":"https:\/\/api.w.org\/{rel}","templated":true}]}}