{"id":129482,"date":"2021-10-09T13:55:18","date_gmt":"2021-10-09T17:55:18","guid":{"rendered":"https:\/\/linitiative.ca\/International\/rachid-talbi-alami-elu-president-de-la-chambre-des-representants\/"},"modified":"2021-10-09T13:55:18","modified_gmt":"2021-10-09T17:55:18","slug":"rachid-talbi-alami-elu-president-de-la-chambre-des-representants","status":"publish","type":"post","link":"https:\/\/linitiative.ca\/International\/rachid-talbi-alami-elu-president-de-la-chambre-des-representants\/","title":{"rendered":"Rachid Talbi Alami \u00e9lu pr\u00e9sident de la Chambre des repr\u00e9sentants"},"content":{"rendered":"<div>\n<div style=\"margin-bottom:20px;\"><img loading=\"lazy\" decoding=\"async\" width=\"750\" height=\"430\" src=\"https:\/\/linitiative.ca\/International\/wp-content\/uploads\/sites\/23\/2021\/10\/Rachid-Talbi-Alami-C3A9lu-prC3A9sident-de-la-Chambre-des-reprC3A9sentants-750C397430-MAP-1.jpg\" class=\"attachment-post-thumbnail size-post-thumbnail wp-post-image\" alt=\"\" srcset=\"https:\/\/linitiative.ca\/International\/wp-content\/uploads\/sites\/23\/2021\/10\/Rachid-Talbi-Alami-C3A9lu-prC3A9sident-de-la-Chambre-des-reprC3A9sentants-750C397430-MAP-1.jpg 750w, http:\/\/www.mapoujda.ma\/map\/uploads\/2021\/10\/Rachid-Talbi-Alami-\u00e9lu-pr\u00e9sident-de-la-Chambre-des-repr\u00e9sentants-750\u00d7430-MAP-1-300x172.jpg 300w\" sizes=\"auto, (max-width: 750px) 100vw, 750px\"><\/div>\n<p style=\"text-align: justify;\">M. Rachid Talbi Alami, du Rassemblement National des Ind\u00e9pendants (RNI), a \u00e9t\u00e9 \u00e9lu, samedi, nouveau pr\u00e9sident de la Chambre des repr\u00e9sentants.<\/p>\n<p style=\"text-align: justify;\">L\u2019\u00e9lection du nouveau pr\u00e9sident de la premi\u00e8re Chambre s\u2019est d\u00e9roul\u00e9e conform\u00e9ment aux dispositions de l\u2019article 62 de la Constitution (alin\u00e9a 3) et du r\u00e8glement int\u00e9rieur de l\u2019institution l\u00e9gislative.<\/p>\n<p style=\"text-align: justify;\">M. Talbi Alami a \u00e9t\u00e9 \u00e9lu avec 258 voix sur un total de 279 voix exprim\u00e9es, contre 4 voix pour le candidat du Front des Forces D\u00e9mocratiques (FFD), M. Raouf Abdellaoui Maane.<\/p>\n<p style=\"text-align: justify;\">Le nombre des bulletins nuls s\u2019est \u00e9tabli \u00e0 34, alors que les d\u00e9put\u00e9s de l\u2019Union Socialiste des Forces Populaires (USFP) se sont abstenus de prendre part au vote.<\/p>\n<p style=\"text-align: justify;\">L\u2019\u00e9lection du nouveau pr\u00e9sident de la Chambre des repr\u00e9sentants est r\u00e9gie par des dispositions r\u00e9glementaires d\u00e9finies par la Constitution et consacr\u00e9es par le r\u00e8glement int\u00e9rieur de la Chambre.<\/p>\n<p style=\"text-align: justify;\">L\u2019article 62 de la Constitution stipule que le pr\u00e9sident et les membres du bureau de la Chambre des repr\u00e9sentants, ainsi que les pr\u00e9sidents des commissions permanentes et leurs bureaux, sont \u00e9lus en d\u00e9but de l\u00e9gislature, puis \u00e0 la troisi\u00e8me ann\u00e9e de celle-ci lors de la session d\u2019avril et pour la p\u00e9riode restant \u00e0 courir de ladite l\u00e9gislature.<\/p>\n<p>L\u2019article <a rel=\"nofollow\" href=\"http:\/\/www.mapoujda.ma\/fr\/rachid-talbi-alami-elu-president-de-la-chambre-des-representants\/\">Rachid Talbi Alami \u00e9lu pr\u00e9sident de la Chambre des repr\u00e9sentants<\/a> est apparu en premier sur <a rel=\"nofollow\" href=\"http:\/\/www.mapoujda.ma\/fr\">MapOujda<\/a>.<\/p>\n<\/div>\n<p>Auteur: Soufiane ELAHMAR<br \/>\n<a href=\"http:\/\/www.mapoujda.ma\/fr\/rachid-talbi-alami-elu-president-de-la-chambre-des-representants\/\">Cliquez ici pour lire l&rsquo;article depuis sa source.<\/a><\/p>\n","protected":false},"excerpt":{"rendered":"<p>M. Rachid Talbi Alami, du Rassemblement National des Ind\u00e9pendants (RNI), a \u00e9t\u00e9 \u00e9lu, samedi, nouveau pr\u00e9sident de la Chambre des repr\u00e9sentants. L\u2019\u00e9lection du nouveau pr\u00e9sident de la premi\u00e8re Chambre s\u2019est d\u00e9roul\u00e9e conform\u00e9ment aux dispositions de l\u2019article 62 de la Constitution (alin\u00e9a 3) et du r\u00e8glement int\u00e9rieur de l\u2019institution l\u00e9gislative. M. Talbi Alami a \u00e9t\u00e9 \u00e9lu [&hellip;]<\/p>\n","protected":false},"author":1788,"featured_media":0,"comment_status":"closed","ping_status":"closed","sticky":false,"template":"","format":"standard","meta":{"fifu_image_url":"http:\/\/www.mapoujda.ma\/map\/uploads\/2021\/10\/Rachid-Talbi-Alami-\u00e9lu-pr\u00e9sident-de-la-Chambre-des-repr\u00e9sentants-750\u00d7430-MAP-1.jpg","fifu_image_alt":"Rachid Talbi Alami \u00e9lu pr\u00e9sident de la Chambre des repr\u00e9sentants","footnotes":""},"categories":[54,76],"tags":[],"class_list":["post-129482","post","type-post","status-publish","format-standard","hentry","category-maroc","category-regions"],"_links":{"self":[{"href":"https:\/\/linitiative.ca\/International\/wp-json\/wp\/v2\/posts\/129482","targetHints":{"allow":["GET"]}}],"collection":[{"href":"https:\/\/linitiative.ca\/International\/wp-json\/wp\/v2\/posts"}],"about":[{"href":"https:\/\/linitiative.ca\/International\/wp-json\/wp\/v2\/types\/post"}],"author":[{"embeddable":true,"href":"https:\/\/linitiative.ca\/International\/wp-json\/wp\/v2\/users\/1788"}],"replies":[{"embeddable":true,"href":"https:\/\/linitiative.ca\/International\/wp-json\/wp\/v2\/comments?post=129482"}],"version-history":[{"count":0,"href":"https:\/\/linitiative.ca\/International\/wp-json\/wp\/v2\/posts\/129482\/revisions"}],"wp:attachment":[{"href":"https:\/\/linitiative.ca\/International\/wp-json\/wp\/v2\/media?parent=129482"}],"wp:term":[{"taxonomy":"category","embeddable":true,"href":"https:\/\/linitiative.ca\/International\/wp-json\/wp\/v2\/categories?post=129482"},{"taxonomy":"post_tag","embeddable":true,"href":"https:\/\/linitiative.ca\/International\/wp-json\/wp\/v2\/tags?post=129482"}],"curies":[{"name":"wp","href":"https:\/\/api.w.org\/{rel}","templated":true}]}}