{"id":129485,"date":"2021-10-09T05:37:42","date_gmt":"2021-10-09T09:37:42","guid":{"rendered":"https:\/\/linitiative.ca\/International\/fes-perquisition-au-domicile-du-dg-de-la-radeef-arrete-pour-corruption\/"},"modified":"2021-10-09T05:37:42","modified_gmt":"2021-10-09T09:37:42","slug":"fes-perquisition-au-domicile-du-dg-de-la-radeef-arrete-pour-corruption","status":"publish","type":"post","link":"https:\/\/linitiative.ca\/International\/fes-perquisition-au-domicile-du-dg-de-la-radeef-arrete-pour-corruption\/","title":{"rendered":"F\u00e8s: Perquisition au domicile du DG de la RADEEF, arr\u00eat\u00e9 pour corruption"},"content":{"rendered":"<div>\n<div class=\"field field-name-body field-type-text-with-summary field-label-hidden\">\n<div class=\"field-items\">\n<div class=\"field-item even\" property=\"content:encoded\">\n<p class=\"rtejustify\"><strong><a href=\"https:\/\/www.leconomiste.com\/flash-infos\/fes-le-dg-de-la-radeef-interpelle-pour-corruption-en-flagrant-delit\"><span style=\"color:#0000FF;\">Arr\u00eat\u00e9 vendredi pour \u00ab\u00a0corruption\u00a0\u00bb, le DG de la R\u00e9gie autonome de distribution d\u2019eau et d\u2019\u00e9lectricit\u00e9 de F\u00e8s (RADEEF)<\/span><\/a><\/strong>, Hanafi Aboukir, a vu son domicile au quartier Champs de courses \u00eatre perquisitionn\u00e9 le 8 octobre 2021.<\/p>\n<\/div>\n<\/div>\n<\/div>\n<\/div>\n<p>Auteur: mbasraoui<br \/>\n<a href=\"https:\/\/www.leconomiste.com\/flash-infos\/fes-perquisition-au-domicile-du-dg-de-la-radeef-arrete-pour-corruption\">Cliquez ici pour lire l&rsquo;article depuis sa source.<\/a><\/p>\n","protected":false},"excerpt":{"rendered":"<p>Arr\u00eat\u00e9 vendredi pour \u00ab\u00a0corruption\u00a0\u00bb, le DG de la R\u00e9gie autonome de distribution d\u2019eau et d\u2019\u00e9lectricit\u00e9 de F\u00e8s (RADEEF), Hanafi Aboukir, a vu son domicile au quartier Champs de courses \u00eatre perquisitionn\u00e9 le 8 octobre 2021. Auteur: mbasraoui Cliquez ici pour lire l&rsquo;article depuis sa source.<\/p>\n","protected":false},"author":1763,"featured_media":0,"comment_status":"closed","ping_status":"closed","sticky":false,"template":"","format":"standard","meta":{"fifu_image_url":"","fifu_image_alt":"","footnotes":""},"categories":[78,54],"tags":[],"class_list":["post-129485","post","type-post","status-publish","format-standard","hentry","category-economie","category-maroc"],"_links":{"self":[{"href":"https:\/\/linitiative.ca\/International\/wp-json\/wp\/v2\/posts\/129485","targetHints":{"allow":["GET"]}}],"collection":[{"href":"https:\/\/linitiative.ca\/International\/wp-json\/wp\/v2\/posts"}],"about":[{"href":"https:\/\/linitiative.ca\/International\/wp-json\/wp\/v2\/types\/post"}],"author":[{"embeddable":true,"href":"https:\/\/linitiative.ca\/International\/wp-json\/wp\/v2\/users\/1763"}],"replies":[{"embeddable":true,"href":"https:\/\/linitiative.ca\/International\/wp-json\/wp\/v2\/comments?post=129485"}],"version-history":[{"count":0,"href":"https:\/\/linitiative.ca\/International\/wp-json\/wp\/v2\/posts\/129485\/revisions"}],"wp:attachment":[{"href":"https:\/\/linitiative.ca\/International\/wp-json\/wp\/v2\/media?parent=129485"}],"wp:term":[{"taxonomy":"category","embeddable":true,"href":"https:\/\/linitiative.ca\/International\/wp-json\/wp\/v2\/categories?post=129485"},{"taxonomy":"post_tag","embeddable":true,"href":"https:\/\/linitiative.ca\/International\/wp-json\/wp\/v2\/tags?post=129485"}],"curies":[{"name":"wp","href":"https:\/\/api.w.org\/{rel}","templated":true}]}}