{"id":129486,"date":"2021-10-09T09:57:46","date_gmt":"2021-10-09T13:57:46","guid":{"rendered":"https:\/\/linitiative.ca\/International\/conseil-de-gouvernement-reunion-ce-lundi\/"},"modified":"2021-10-09T09:57:46","modified_gmt":"2021-10-09T13:57:46","slug":"conseil-de-gouvernement-reunion-ce-lundi","status":"publish","type":"post","link":"https:\/\/linitiative.ca\/International\/conseil-de-gouvernement-reunion-ce-lundi\/","title":{"rendered":"Conseil de gouvernement: r\u00e9union ce lundi"},"content":{"rendered":"<div>\n<div class=\"field field-name-body field-type-text-with-summary field-label-hidden\">\n<div class=\"field-items\">\n<div class=\"field-item even\" property=\"content:encoded\">\n<p>Le Chef du gouvernement, Aziz Akhannouch, pr\u00e9sidera, lundi, un Conseil de gouvernement qui sera consacr\u00e9 \u00e0 la pr\u00e9sentation du projet du programme gouvernemental.<\/p>\n<p>\u00ab\u00a0Le Chef du gouvernement, M. Aziz Akhannouch, pr\u00e9sidera lundi 4 Rabii Ier 1443 (11 octobre 2021) \u00e0 11h un Conseil de gouvernement, qui sera consacr\u00e9 \u00e0 la pr\u00e9sentation du projet du programme gouvernemental\u00a0\u00bb, indique samedi un communiqu\u00e9 du D\u00e9partement du Chef du gouvernement.<\/p>\n<p>\u00a0<\/p>\n<\/div>\n<\/div>\n<\/div>\n<\/div>\n<p>Auteur: mbasraoui<br \/>\n<a href=\"https:\/\/www.leconomiste.com\/flash-infos\/conseil-de-gouvernement-reunion-ce-lundi\">Cliquez ici pour lire l&rsquo;article depuis sa source.<\/a><\/p>\n","protected":false},"excerpt":{"rendered":"<p>Le Chef du gouvernement, Aziz Akhannouch, pr\u00e9sidera, lundi, un Conseil de gouvernement qui sera consacr\u00e9 \u00e0 la pr\u00e9sentation du projet du programme gouvernemental. \u00ab\u00a0Le Chef du gouvernement, M. Aziz Akhannouch, pr\u00e9sidera lundi 4 Rabii Ier 1443 (11 octobre 2021) \u00e0 11h un Conseil de gouvernement, qui sera consacr\u00e9 \u00e0 la pr\u00e9sentation du projet du programme [&hellip;]<\/p>\n","protected":false},"author":1763,"featured_media":0,"comment_status":"closed","ping_status":"closed","sticky":false,"template":"","format":"standard","meta":{"fifu_image_url":"","fifu_image_alt":"","footnotes":""},"categories":[78,54],"tags":[],"class_list":["post-129486","post","type-post","status-publish","format-standard","hentry","category-economie","category-maroc"],"_links":{"self":[{"href":"https:\/\/linitiative.ca\/International\/wp-json\/wp\/v2\/posts\/129486","targetHints":{"allow":["GET"]}}],"collection":[{"href":"https:\/\/linitiative.ca\/International\/wp-json\/wp\/v2\/posts"}],"about":[{"href":"https:\/\/linitiative.ca\/International\/wp-json\/wp\/v2\/types\/post"}],"author":[{"embeddable":true,"href":"https:\/\/linitiative.ca\/International\/wp-json\/wp\/v2\/users\/1763"}],"replies":[{"embeddable":true,"href":"https:\/\/linitiative.ca\/International\/wp-json\/wp\/v2\/comments?post=129486"}],"version-history":[{"count":0,"href":"https:\/\/linitiative.ca\/International\/wp-json\/wp\/v2\/posts\/129486\/revisions"}],"wp:attachment":[{"href":"https:\/\/linitiative.ca\/International\/wp-json\/wp\/v2\/media?parent=129486"}],"wp:term":[{"taxonomy":"category","embeddable":true,"href":"https:\/\/linitiative.ca\/International\/wp-json\/wp\/v2\/categories?post=129486"},{"taxonomy":"post_tag","embeddable":true,"href":"https:\/\/linitiative.ca\/International\/wp-json\/wp\/v2\/tags?post=129486"}],"curies":[{"name":"wp","href":"https:\/\/api.w.org\/{rel}","templated":true}]}}