{"id":129487,"date":"2021-10-09T12:00:22","date_gmt":"2021-10-09T16:00:22","guid":{"rendered":"https:\/\/linitiative.ca\/International\/covid-19-plus-de-176-000-personnes-ont-recu-la-3-eme-dose\/"},"modified":"2021-10-09T12:00:22","modified_gmt":"2021-10-09T16:00:22","slug":"covid-19-plus-de-176-000-personnes-ont-recu-la-3-eme-dose","status":"publish","type":"post","link":"https:\/\/linitiative.ca\/International\/covid-19-plus-de-176-000-personnes-ont-recu-la-3-eme-dose\/","title":{"rendered":"Covid-19: Plus de 176.000 personnes ont re\u00e7u la 3-\u00e8me dose"},"content":{"rendered":"<div>\n<div class=\"field field-name-body field-type-text-with-summary field-label-hidden\">\n<div class=\"field-items\">\n<div class=\"field-item even\" property=\"content:encoded\">\n<p class=\"rtejustify\">\u00a0Un total de 176.594 personnes ont re\u00e7u la 3-\u00e8me dose du vaccin anti Covid-19, au sixi\u00e8me jour du lancement de l&rsquo;op\u00e9ration, a indiqu\u00e9 samedi le minist\u00e8re de la Sant\u00e9.<\/p>\n<p>Le nombre de primo-vaccin\u00e9s a atteint 23.023.859, alors que celui des personnes ayant re\u00e7u la 2-\u00e8me dose s&rsquo;\u00e9l\u00e8ve d\u00e9sormais \u00e0 20.098.752, a pr\u00e9cis\u00e9 le minist\u00e8re dans son bulletin quotidien sur la situation \u00e9pid\u00e9miologique Covid-19.<\/p>\n<\/div>\n<\/div>\n<\/div>\n<\/div>\n<p>Auteur: mbasraoui<br \/>\n<a href=\"https:\/\/www.leconomiste.com\/flash-infos\/covid-655-nouveaux-cas-156-856-personnes-ont-pris-leur-3e-dose\">Cliquez ici pour lire l&rsquo;article depuis sa source.<\/a><\/p>\n","protected":false},"excerpt":{"rendered":"<p>\u00a0Un total de 176.594 personnes ont re\u00e7u la 3-\u00e8me dose du vaccin anti Covid-19, au sixi\u00e8me jour du lancement de l&rsquo;op\u00e9ration, a indiqu\u00e9 samedi le minist\u00e8re de la Sant\u00e9. Le nombre de primo-vaccin\u00e9s a atteint 23.023.859, alors que celui des personnes ayant re\u00e7u la 2-\u00e8me dose s&rsquo;\u00e9l\u00e8ve d\u00e9sormais \u00e0 20.098.752, a pr\u00e9cis\u00e9 le minist\u00e8re dans [&hellip;]<\/p>\n","protected":false},"author":1763,"featured_media":0,"comment_status":"closed","ping_status":"closed","sticky":false,"template":"","format":"standard","meta":{"fifu_image_url":"","fifu_image_alt":"","footnotes":""},"categories":[78,54],"tags":[],"class_list":["post-129487","post","type-post","status-publish","format-standard","hentry","category-economie","category-maroc"],"_links":{"self":[{"href":"https:\/\/linitiative.ca\/International\/wp-json\/wp\/v2\/posts\/129487","targetHints":{"allow":["GET"]}}],"collection":[{"href":"https:\/\/linitiative.ca\/International\/wp-json\/wp\/v2\/posts"}],"about":[{"href":"https:\/\/linitiative.ca\/International\/wp-json\/wp\/v2\/types\/post"}],"author":[{"embeddable":true,"href":"https:\/\/linitiative.ca\/International\/wp-json\/wp\/v2\/users\/1763"}],"replies":[{"embeddable":true,"href":"https:\/\/linitiative.ca\/International\/wp-json\/wp\/v2\/comments?post=129487"}],"version-history":[{"count":0,"href":"https:\/\/linitiative.ca\/International\/wp-json\/wp\/v2\/posts\/129487\/revisions"}],"wp:attachment":[{"href":"https:\/\/linitiative.ca\/International\/wp-json\/wp\/v2\/media?parent=129487"}],"wp:term":[{"taxonomy":"category","embeddable":true,"href":"https:\/\/linitiative.ca\/International\/wp-json\/wp\/v2\/categories?post=129487"},{"taxonomy":"post_tag","embeddable":true,"href":"https:\/\/linitiative.ca\/International\/wp-json\/wp\/v2\/tags?post=129487"}],"curies":[{"name":"wp","href":"https:\/\/api.w.org\/{rel}","templated":true}]}}