{"id":129488,"date":"2021-10-09T12:35:15","date_gmt":"2021-10-09T16:35:15","guid":{"rendered":"https:\/\/linitiative.ca\/International\/rachid-talbi-alami-president-de-la-chambre-des-representants\/"},"modified":"2021-10-09T12:35:15","modified_gmt":"2021-10-09T16:35:15","slug":"rachid-talbi-alami-president-de-la-chambre-des-representants","status":"publish","type":"post","link":"https:\/\/linitiative.ca\/International\/rachid-talbi-alami-president-de-la-chambre-des-representants\/","title":{"rendered":"Rachid Talbi Alami, Pr\u00e9sident de la Chambre des repr\u00e9sentants"},"content":{"rendered":"<div>\n<div class=\"field field-name-body field-type-text-with-summary field-label-hidden\">\n<div class=\"field-items\">\n<div class=\"field-item even\" property=\"content:encoded\">\n<p class=\"rtejustify\">Rachid Talbi Alami, du Rassemblement National des Ind\u00e9pendants (RNI), a \u00e9t\u00e9 \u00e9lu, samedi, nouveau pr\u00e9sident de la Chambre des repr\u00e9sentants.<\/p>\n<p class=\"rtejustify\">L&rsquo;\u00e9lection du pr\u00e9sident de la premi\u00e8re Chambre s&rsquo;est d\u00e9roul\u00e9e conform\u00e9ment aux disposition de l\u2019article 62 de la Constitution (alin\u00e9a 3) et du r\u00e8glement int\u00e9rieur de l&rsquo;institution l\u00e9gislative.<\/p>\n<p class=\"rtejustify\">\u00a0<\/p>\n<\/div>\n<\/div>\n<\/div>\n<\/div>\n<p>Auteur: mbasraoui<br \/>\n<a href=\"https:\/\/www.leconomiste.com\/flash-infos\/rachid-talbi-alami-president-de-la-chambre-des-representants\">Cliquez ici pour lire l&rsquo;article depuis sa source.<\/a><\/p>\n","protected":false},"excerpt":{"rendered":"<p>Rachid Talbi Alami, du Rassemblement National des Ind\u00e9pendants (RNI), a \u00e9t\u00e9 \u00e9lu, samedi, nouveau pr\u00e9sident de la Chambre des repr\u00e9sentants. L&rsquo;\u00e9lection du pr\u00e9sident de la premi\u00e8re Chambre s&rsquo;est d\u00e9roul\u00e9e conform\u00e9ment aux disposition de l\u2019article 62 de la Constitution (alin\u00e9a 3) et du r\u00e8glement int\u00e9rieur de l&rsquo;institution l\u00e9gislative. \u00a0 Auteur: mbasraoui Cliquez ici pour lire l&rsquo;article [&hellip;]<\/p>\n","protected":false},"author":1763,"featured_media":0,"comment_status":"closed","ping_status":"closed","sticky":false,"template":"","format":"standard","meta":{"fifu_image_url":"","fifu_image_alt":"","footnotes":""},"categories":[78,54],"tags":[],"class_list":["post-129488","post","type-post","status-publish","format-standard","hentry","category-economie","category-maroc"],"_links":{"self":[{"href":"https:\/\/linitiative.ca\/International\/wp-json\/wp\/v2\/posts\/129488","targetHints":{"allow":["GET"]}}],"collection":[{"href":"https:\/\/linitiative.ca\/International\/wp-json\/wp\/v2\/posts"}],"about":[{"href":"https:\/\/linitiative.ca\/International\/wp-json\/wp\/v2\/types\/post"}],"author":[{"embeddable":true,"href":"https:\/\/linitiative.ca\/International\/wp-json\/wp\/v2\/users\/1763"}],"replies":[{"embeddable":true,"href":"https:\/\/linitiative.ca\/International\/wp-json\/wp\/v2\/comments?post=129488"}],"version-history":[{"count":0,"href":"https:\/\/linitiative.ca\/International\/wp-json\/wp\/v2\/posts\/129488\/revisions"}],"wp:attachment":[{"href":"https:\/\/linitiative.ca\/International\/wp-json\/wp\/v2\/media?parent=129488"}],"wp:term":[{"taxonomy":"category","embeddable":true,"href":"https:\/\/linitiative.ca\/International\/wp-json\/wp\/v2\/categories?post=129488"},{"taxonomy":"post_tag","embeddable":true,"href":"https:\/\/linitiative.ca\/International\/wp-json\/wp\/v2\/tags?post=129488"}],"curies":[{"name":"wp","href":"https:\/\/api.w.org\/{rel}","templated":true}]}}