{"id":129505,"date":"2021-10-09T05:40:00","date_gmt":"2021-10-09T09:40:00","guid":{"rendered":"https:\/\/linitiative.ca\/International\/raport-annuel-de-la-banque-centrale-de-tunisie-lurgence-dun-consensus-sur-les-principales-reformes-contraintes-par-linstabilite-politique\/"},"modified":"2021-10-09T05:40:00","modified_gmt":"2021-10-09T09:40:00","slug":"raport-annuel-de-la-banque-centrale-de-tunisie-lurgence-dun-consensus-sur-les-principales-reformes-contraintes-par-linstabilite-politique","status":"publish","type":"post","link":"https:\/\/linitiative.ca\/International\/raport-annuel-de-la-banque-centrale-de-tunisie-lurgence-dun-consensus-sur-les-principales-reformes-contraintes-par-linstabilite-politique\/","title":{"rendered":"Raport annuel de la Banque centrale de Tunisie : L\u2019urgence d\u2019un consensus sur les principales r\u00e9formes, contraintes par l&rsquo;instabilit\u00e9 politique"},"content":{"rendered":"<div><img decoding=\"async\" src=\"https:\/\/linitiative.ca\/International\/wp-content\/uploads\/sites\/23\/2021\/10\/1633771531_article.jpg\" alt=\"Le Mot du Gouverneur \" align=\"left\">\u00ab\u00a0La Banque centrale de Tunisie veillera \u00e0 apporter la diligence n\u00e9cessaire au  renforcement de la coop\u00e9ration avec les Autorit\u00e9s afin de donner \u00e0  l\u2019action \u00e9conomique le plus d\u2019efficacit\u00e9 et permettre au pays de  retrouver rapidement le chemin de la croissance et de l\u2019emploi,  objectifs prioritaires qui commandent par ailleurs, et plus que jamais,  un climat politique et social plus consensuel empreint de plus de  solidarit\u00e9 et de stabilit\u00e9.\u00a0\u00bb C&rsquo;est ce qu&rsquo;\u00e9crit le gouverneur de la BCT, Marouane El\u00a0Abassi en conclusion du rapport annuel de la Banque pour l&rsquo;ann\u00e9e 2020, qu&rsquo;il vient de remettre au pr\u00e9sident de la R\u00e9publique. (T\u00e9l\u00e9charger le Rapport)<br \/>\nRappelant la &#8230;<\/p>\n<\/div>\n<p>Auteur:<br \/>\n<a href=\"https:\/\/www.leaders.com.tn\/article\/32505-le-mot-du-gouverneur\">Cliquez ici pour lire l&rsquo;article depuis sa source.<\/a><\/p>\n","protected":false},"excerpt":{"rendered":"<p>\u00ab\u00a0La Banque centrale de Tunisie veillera \u00e0 apporter la diligence n\u00e9cessaire au renforcement de la coop\u00e9ration avec les Autorit\u00e9s afin de donner \u00e0 l\u2019action \u00e9conomique le plus d\u2019efficacit\u00e9 et permettre au pays de retrouver rapidement le chemin de la croissance et de l\u2019emploi, objectifs prioritaires qui commandent par ailleurs, et plus que jamais, un climat [&hellip;]<\/p>\n","protected":false},"author":1772,"featured_media":0,"comment_status":"closed","ping_status":"closed","sticky":false,"template":"","format":"standard","meta":{"fifu_image_url":"http:\/\/www.leaders.com.tn\/uploads\/content\/thumbnails_small\/1633771531_article.jpg","fifu_image_alt":"<div>Raport annuel de la Banque centrale de Tunisie : L\u2019urgence d\u2019un consensus sur les principales r\u00e9formes, contraintes par l'instabilit\u00e9 politique<\/div>","footnotes":""},"categories":[73,55],"tags":[],"class_list":["post-129505","post","type-post","status-publish","format-standard","hentry","category-actualite","category-tunisie"],"_links":{"self":[{"href":"https:\/\/linitiative.ca\/International\/wp-json\/wp\/v2\/posts\/129505","targetHints":{"allow":["GET"]}}],"collection":[{"href":"https:\/\/linitiative.ca\/International\/wp-json\/wp\/v2\/posts"}],"about":[{"href":"https:\/\/linitiative.ca\/International\/wp-json\/wp\/v2\/types\/post"}],"author":[{"embeddable":true,"href":"https:\/\/linitiative.ca\/International\/wp-json\/wp\/v2\/users\/1772"}],"replies":[{"embeddable":true,"href":"https:\/\/linitiative.ca\/International\/wp-json\/wp\/v2\/comments?post=129505"}],"version-history":[{"count":0,"href":"https:\/\/linitiative.ca\/International\/wp-json\/wp\/v2\/posts\/129505\/revisions"}],"wp:attachment":[{"href":"https:\/\/linitiative.ca\/International\/wp-json\/wp\/v2\/media?parent=129505"}],"wp:term":[{"taxonomy":"category","embeddable":true,"href":"https:\/\/linitiative.ca\/International\/wp-json\/wp\/v2\/categories?post=129505"},{"taxonomy":"post_tag","embeddable":true,"href":"https:\/\/linitiative.ca\/International\/wp-json\/wp\/v2\/tags?post=129505"}],"curies":[{"name":"wp","href":"https:\/\/api.w.org\/{rel}","templated":true}]}}