{"id":129508,"date":"2021-10-09T06:00:00","date_gmt":"2021-10-09T10:00:00","guid":{"rendered":"https:\/\/linitiative.ca\/International\/omelette-de-legumes-en-terrine\/"},"modified":"2021-10-09T06:00:00","modified_gmt":"2021-10-09T10:00:00","slug":"omelette-de-legumes-en-terrine","status":"publish","type":"post","link":"https:\/\/linitiative.ca\/International\/omelette-de-legumes-en-terrine\/","title":{"rendered":"Omelette de l\u00e9gumes en terrine"},"content":{"rendered":"<div>Pelez et \u00e9p\u00e9pinez les tomates. Coupez-les en d\u00e9s. Placez-les dans une passoire. Salez-les. Retirez le p\u00e9doncule des poivrons. Placez-les dans une sauteuse avec 2 cuil. \u00e0 soupe d\u2019huile d\u2019olive, couvrez et<\/div>\n<p>Auteur:<br \/>\n<a href=\"https:\/\/www.lesoirdalgerie.com\/femme-magazine\/omelette-de-legumes-en-terrine-68661\">Cliquez ici pour lire l&rsquo;article depuis sa source.<\/a><\/p>\n","protected":false},"excerpt":{"rendered":"<p>Pelez et \u00e9p\u00e9pinez les tomates. Coupez-les en d\u00e9s. Placez-les dans une passoire. Salez-les. Retirez le p\u00e9doncule des poivrons. Placez-les dans une sauteuse avec 2 cuil. \u00e0 soupe d\u2019huile d\u2019olive, couvrez et Auteur: Cliquez ici pour lire l&rsquo;article depuis sa source.<\/p>\n","protected":false},"author":1741,"featured_media":0,"comment_status":"closed","ping_status":"closed","sticky":false,"template":"","format":"standard","meta":{"fifu_image_url":"","fifu_image_alt":"","footnotes":""},"categories":[73,53],"tags":[],"class_list":["post-129508","post","type-post","status-publish","format-standard","hentry","category-actualite","category-algerie"],"_links":{"self":[{"href":"https:\/\/linitiative.ca\/International\/wp-json\/wp\/v2\/posts\/129508","targetHints":{"allow":["GET"]}}],"collection":[{"href":"https:\/\/linitiative.ca\/International\/wp-json\/wp\/v2\/posts"}],"about":[{"href":"https:\/\/linitiative.ca\/International\/wp-json\/wp\/v2\/types\/post"}],"author":[{"embeddable":true,"href":"https:\/\/linitiative.ca\/International\/wp-json\/wp\/v2\/users\/1741"}],"replies":[{"embeddable":true,"href":"https:\/\/linitiative.ca\/International\/wp-json\/wp\/v2\/comments?post=129508"}],"version-history":[{"count":0,"href":"https:\/\/linitiative.ca\/International\/wp-json\/wp\/v2\/posts\/129508\/revisions"}],"wp:attachment":[{"href":"https:\/\/linitiative.ca\/International\/wp-json\/wp\/v2\/media?parent=129508"}],"wp:term":[{"taxonomy":"category","embeddable":true,"href":"https:\/\/linitiative.ca\/International\/wp-json\/wp\/v2\/categories?post=129508"},{"taxonomy":"post_tag","embeddable":true,"href":"https:\/\/linitiative.ca\/International\/wp-json\/wp\/v2\/tags?post=129508"}],"curies":[{"name":"wp","href":"https:\/\/api.w.org\/{rel}","templated":true}]}}