{"id":129514,"date":"2021-10-09T08:01:31","date_gmt":"2021-10-09T12:01:31","guid":{"rendered":"https:\/\/linitiative.ca\/International\/covid-19-le-maroc-desormais-dans-la-liste-orange-de-la-france\/"},"modified":"2021-10-09T08:01:31","modified_gmt":"2021-10-09T12:01:31","slug":"covid-19-le-maroc-desormais-dans-la-liste-orange-de-la-france","status":"publish","type":"post","link":"https:\/\/linitiative.ca\/International\/covid-19-le-maroc-desormais-dans-la-liste-orange-de-la-france\/","title":{"rendered":"COVID-19 : Le Maroc d\u00e9sormais dans la liste orange de la France"},"content":{"rendered":"<div><img decoding=\"async\" width=\"746\" height=\"380\" src=\"https:\/\/linitiative.ca\/International\/wp-content\/uploads\/sites\/23\/2021\/10\/ramm.jpg\" class=\"attachment-post-thumbnail size-post-thumbnail wp-post-image\" alt=\"\" loading=\"lazy\" srcset=\"https:\/\/linitiative.ca\/International\/wp-content\/uploads\/sites\/23\/2021\/10\/ramm.jpg 746w, https:\/\/www.challenge.ma\/wp-content\/uploads\/2021\/10\/ramm-300x153.jpg 300w, https:\/\/www.challenge.ma\/wp-content\/uploads\/2021\/10\/ramm-360x183.jpg 360w\" sizes=\"auto, (max-width: 746px) 100vw, 746px\" itemprop=\"image\">Le Journal officiel de la R\u00e9publique fran\u00e7aise a publi\u00e9 vendredi 8 octobre un arr\u00eat\u00e9 modifiant l\u2019arr\u00eat\u00e9 du 7 juin 2021 identifiant les zones de circulation de l\u2019infection du virus SARS-CoV-2. Pour rappel, dans l\u2019arr\u00eat\u00e9 du 7 juin 2021, le Maroc avait \u00e9t\u00e9 class\u00e9 dans la zone rouge, \u00ab caract\u00e9ris\u00e9e par<\/div>\n<p>Auteur: challenge<br \/>\n<a href=\"https:\/\/www.challenge.ma\/covid-19-le-maroc-desormais-dans-la-liste-orange-de-la-france-223113\/\">Cliquez ici pour lire l&rsquo;article depuis sa source.<\/a><\/p>\n","protected":false},"excerpt":{"rendered":"<p>Le Journal officiel de la R\u00e9publique fran\u00e7aise a publi\u00e9 vendredi 8 octobre un arr\u00eat\u00e9 modifiant l\u2019arr\u00eat\u00e9 du 7 juin 2021 identifiant les zones de circulation de l\u2019infection du virus SARS-CoV-2. Pour rappel, dans l\u2019arr\u00eat\u00e9 du 7 juin 2021, le Maroc avait \u00e9t\u00e9 class\u00e9 dans la zone rouge, \u00ab caract\u00e9ris\u00e9e par Auteur: challenge Cliquez ici pour [&hellip;]<\/p>\n","protected":false},"author":1787,"featured_media":0,"comment_status":"closed","ping_status":"closed","sticky":false,"template":"","format":"standard","meta":{"fifu_image_url":"https:\/\/www.challenge.ma\/wp-content\/uploads\/2021\/10\/ramm.jpg","fifu_image_alt":"COVID-19 : Le Maroc d\u00e9sormais dans la liste orange de la France","footnotes":""},"categories":[78,54],"tags":[],"class_list":["post-129514","post","type-post","status-publish","format-standard","hentry","category-economie","category-maroc"],"_links":{"self":[{"href":"https:\/\/linitiative.ca\/International\/wp-json\/wp\/v2\/posts\/129514","targetHints":{"allow":["GET"]}}],"collection":[{"href":"https:\/\/linitiative.ca\/International\/wp-json\/wp\/v2\/posts"}],"about":[{"href":"https:\/\/linitiative.ca\/International\/wp-json\/wp\/v2\/types\/post"}],"author":[{"embeddable":true,"href":"https:\/\/linitiative.ca\/International\/wp-json\/wp\/v2\/users\/1787"}],"replies":[{"embeddable":true,"href":"https:\/\/linitiative.ca\/International\/wp-json\/wp\/v2\/comments?post=129514"}],"version-history":[{"count":0,"href":"https:\/\/linitiative.ca\/International\/wp-json\/wp\/v2\/posts\/129514\/revisions"}],"wp:attachment":[{"href":"https:\/\/linitiative.ca\/International\/wp-json\/wp\/v2\/media?parent=129514"}],"wp:term":[{"taxonomy":"category","embeddable":true,"href":"https:\/\/linitiative.ca\/International\/wp-json\/wp\/v2\/categories?post=129514"},{"taxonomy":"post_tag","embeddable":true,"href":"https:\/\/linitiative.ca\/International\/wp-json\/wp\/v2\/tags?post=129514"}],"curies":[{"name":"wp","href":"https:\/\/api.w.org\/{rel}","templated":true}]}}