{"id":129516,"date":"2021-10-09T08:22:17","date_gmt":"2021-10-09T12:22:17","guid":{"rendered":"https:\/\/linitiative.ca\/International\/laeroport-de-marrakech-menara-dans-le-top-10-des-meilleurs-aeeroports-du-monde-en-2021\/"},"modified":"2021-10-09T08:22:17","modified_gmt":"2021-10-09T12:22:17","slug":"laeroport-de-marrakech-menara-dans-le-top-10-des-meilleurs-aeeroports-du-monde-en-2021","status":"publish","type":"post","link":"https:\/\/linitiative.ca\/International\/laeroport-de-marrakech-menara-dans-le-top-10-des-meilleurs-aeeroports-du-monde-en-2021\/","title":{"rendered":"L\u2019a\u00e9roport de Marrakech-Menara dans le top 10 des meilleurs a\u00e9eroports du monde en 2021"},"content":{"rendered":"<div><img decoding=\"async\" width=\"640\" height=\"366\" src=\"https:\/\/linitiative.ca\/International\/wp-content\/uploads\/sites\/23\/2021\/10\/marrakch.jpg\" class=\"attachment-post-thumbnail size-post-thumbnail wp-post-image\" alt=\"\" loading=\"lazy\" srcset=\"https:\/\/linitiative.ca\/International\/wp-content\/uploads\/sites\/23\/2021\/10\/marrakch.jpg 640w, https:\/\/www.challenge.ma\/wp-content\/uploads\/2021\/10\/marrakch-300x172.jpg 300w, https:\/\/www.challenge.ma\/wp-content\/uploads\/2021\/10\/marrakch-360x206.jpg 360w\" sizes=\"auto, (max-width: 640px) 100vw, 640px\" itemprop=\"image\">L\u2019a\u00e9roport de Marrakech-M\u00e9nara a d\u00e9croch\u00e9 la septi\u00e8me place \u200b\u200bau sein du classement des meilleurs a\u00e9roports du monde. Cette place lui a \u00e9t\u00e9 conc\u00e9d\u00e9e par Conde Nast Traveler, r\u00e9f\u00e9rence mondiale des loisirs et des voyages bas\u00e9e \u00e0 New York, dans sa rubrique \u00abReaders\u2019 Choice Awards\u00bb. 800.000 lecteurs du magazine am\u00e9ricain\u00a0Conde Nast<\/div>\n<p>Auteur: challenge<br \/>\n<a href=\"https:\/\/www.challenge.ma\/laeroport-de-marrakech-menara-dans-le-top-10-des-meilleurs-aeroports-du-monde-en-2021-223132\/\">Cliquez ici pour lire l&rsquo;article depuis sa source.<\/a><\/p>\n","protected":false},"excerpt":{"rendered":"<p>L\u2019a\u00e9roport de Marrakech-M\u00e9nara a d\u00e9croch\u00e9 la septi\u00e8me place \u200b\u200bau sein du classement des meilleurs a\u00e9roports du monde. Cette place lui a \u00e9t\u00e9 conc\u00e9d\u00e9e par Conde Nast Traveler, r\u00e9f\u00e9rence mondiale des loisirs et des voyages bas\u00e9e \u00e0 New York, dans sa rubrique \u00abReaders\u2019 Choice Awards\u00bb. 800.000 lecteurs du magazine am\u00e9ricain\u00a0Conde Nast Auteur: challenge Cliquez ici pour [&hellip;]<\/p>\n","protected":false},"author":1787,"featured_media":0,"comment_status":"closed","ping_status":"closed","sticky":false,"template":"","format":"standard","meta":{"fifu_image_url":"https:\/\/www.challenge.ma\/wp-content\/uploads\/2021\/10\/marrakch.jpg","fifu_image_alt":"L\u2019a\u00e9roport de Marrakech-Menara dans le top 10 des meilleurs a\u00e9eroports du monde en 2021","footnotes":""},"categories":[78,54],"tags":[],"class_list":["post-129516","post","type-post","status-publish","format-standard","hentry","category-economie","category-maroc"],"_links":{"self":[{"href":"https:\/\/linitiative.ca\/International\/wp-json\/wp\/v2\/posts\/129516","targetHints":{"allow":["GET"]}}],"collection":[{"href":"https:\/\/linitiative.ca\/International\/wp-json\/wp\/v2\/posts"}],"about":[{"href":"https:\/\/linitiative.ca\/International\/wp-json\/wp\/v2\/types\/post"}],"author":[{"embeddable":true,"href":"https:\/\/linitiative.ca\/International\/wp-json\/wp\/v2\/users\/1787"}],"replies":[{"embeddable":true,"href":"https:\/\/linitiative.ca\/International\/wp-json\/wp\/v2\/comments?post=129516"}],"version-history":[{"count":0,"href":"https:\/\/linitiative.ca\/International\/wp-json\/wp\/v2\/posts\/129516\/revisions"}],"wp:attachment":[{"href":"https:\/\/linitiative.ca\/International\/wp-json\/wp\/v2\/media?parent=129516"}],"wp:term":[{"taxonomy":"category","embeddable":true,"href":"https:\/\/linitiative.ca\/International\/wp-json\/wp\/v2\/categories?post=129516"},{"taxonomy":"post_tag","embeddable":true,"href":"https:\/\/linitiative.ca\/International\/wp-json\/wp\/v2\/tags?post=129516"}],"curies":[{"name":"wp","href":"https:\/\/api.w.org\/{rel}","templated":true}]}}