{"id":129520,"date":"2021-10-09T16:07:23","date_gmt":"2021-10-09T20:07:23","guid":{"rendered":"https:\/\/linitiative.ca\/International\/tunisie-vers-un-nouvel-echec-des-manifestations-anti-kais-saied\/"},"modified":"2021-10-09T16:07:23","modified_gmt":"2021-10-09T20:07:23","slug":"tunisie-vers-un-nouvel-echec-des-manifestations-anti-kais-saied","status":"publish","type":"post","link":"https:\/\/linitiative.ca\/International\/tunisie-vers-un-nouvel-echec-des-manifestations-anti-kais-saied\/","title":{"rendered":"Tunisie \u2013 Vers un nouvel \u00e9chec des manifestations anti Ka\u00efs Sa\u00efed\u00a0?"},"content":{"rendered":"<div>\n<p>On dirait que les organisateurs de la manifestation pr\u00e9vue pour demain pour protester contres les mesures prises par le pr\u00e9sident Ka\u00efs Sa\u00efed, ont peur d\u2019un nouvel \u00e9chec. Il semblerait, en effet qu\u2019ils se pr\u00e9parent \u00e0 un trop faible afflux de manifestants, malgr\u00e9 la forte mobilisation qui dure depuis plusieurs jours, et orchestr\u00e9e par des figures [\u2026]<\/p>\n<p>L\u2019article <a href=\"https:\/\/www.tunisienumerique.com\/tunisie-vers-un-nouvel-echec-des-manifestations-anti-kais-saied\/\">Tunisie \u2013 Vers un nouvel \u00e9chec des manifestations anti Ka\u00efs Sa\u00efed\u00a0?<\/a> est apparu en premier sur <a href=\"https:\/\/www.tunisienumerique.com\/\">Tunisie<\/a>.<\/p>\n<\/div>\n<p>Auteur: Saber .<br \/>\n<a href=\"https:\/\/www.tunisienumerique.com\/tunisie-vers-un-nouvel-echec-des-manifestations-anti-kais-saied\/\">Cliquez ici pour lire l&rsquo;article depuis sa source.<\/a><\/p>\n","protected":false},"excerpt":{"rendered":"<p>On dirait que les organisateurs de la manifestation pr\u00e9vue pour demain pour protester contres les mesures prises par le pr\u00e9sident Ka\u00efs Sa\u00efed, ont peur d\u2019un nouvel \u00e9chec. Il semblerait, en effet qu\u2019ils se pr\u00e9parent \u00e0 un trop faible afflux de manifestants, malgr\u00e9 la forte mobilisation qui dure depuis plusieurs jours, et orchestr\u00e9e par des figures [&hellip;]<\/p>\n","protected":false},"author":1789,"featured_media":0,"comment_status":"closed","ping_status":"closed","sticky":false,"template":"","format":"standard","meta":{"fifu_image_url":"","fifu_image_alt":"","footnotes":""},"categories":[73,55],"tags":[],"class_list":["post-129520","post","type-post","status-publish","format-standard","hentry","category-actualite","category-tunisie"],"_links":{"self":[{"href":"https:\/\/linitiative.ca\/International\/wp-json\/wp\/v2\/posts\/129520","targetHints":{"allow":["GET"]}}],"collection":[{"href":"https:\/\/linitiative.ca\/International\/wp-json\/wp\/v2\/posts"}],"about":[{"href":"https:\/\/linitiative.ca\/International\/wp-json\/wp\/v2\/types\/post"}],"author":[{"embeddable":true,"href":"https:\/\/linitiative.ca\/International\/wp-json\/wp\/v2\/users\/1789"}],"replies":[{"embeddable":true,"href":"https:\/\/linitiative.ca\/International\/wp-json\/wp\/v2\/comments?post=129520"}],"version-history":[{"count":0,"href":"https:\/\/linitiative.ca\/International\/wp-json\/wp\/v2\/posts\/129520\/revisions"}],"wp:attachment":[{"href":"https:\/\/linitiative.ca\/International\/wp-json\/wp\/v2\/media?parent=129520"}],"wp:term":[{"taxonomy":"category","embeddable":true,"href":"https:\/\/linitiative.ca\/International\/wp-json\/wp\/v2\/categories?post=129520"},{"taxonomy":"post_tag","embeddable":true,"href":"https:\/\/linitiative.ca\/International\/wp-json\/wp\/v2\/tags?post=129520"}],"curies":[{"name":"wp","href":"https:\/\/api.w.org\/{rel}","templated":true}]}}