{"id":129521,"date":"2021-10-09T16:15:40","date_gmt":"2021-10-09T20:15:40","guid":{"rendered":"https:\/\/linitiative.ca\/International\/tunisie-marzouki-appelle-la-france-a-condamner-le-putsch-de-kais-saied\/"},"modified":"2021-10-09T16:15:40","modified_gmt":"2021-10-09T20:15:40","slug":"tunisie-marzouki-appelle-la-france-a-condamner-le-putsch-de-kais-saied","status":"publish","type":"post","link":"https:\/\/linitiative.ca\/International\/tunisie-marzouki-appelle-la-france-a-condamner-le-putsch-de-kais-saied\/","title":{"rendered":"Tunisie \u2013 Marzouki appelle la France \u00e0 condamner \u00ab\u00a0le putsch\u00a0\u00bb de Ka\u00efs Sa\u00efed"},"content":{"rendered":"<div>\n<p>L\u2019ex-pr\u00e9sident provisoire de la R\u00e9publique, Moncef Marzouki, a appel\u00e9, ce samedi, \u00e0 partir de Paris, o\u00f9 il assistait \u00e0 un sit-in avec quelques tunisiens, pour condamner ce qu\u2019il a qualifi\u00e9 de putsch contre la d\u00e9mocratie, en Tunisie, la France d\u00e9mocratique \u00e0 condamner ce putsch et \u00e0 se ranger derri\u00e8re la totalit\u00e9 du peuple tunisien qui [\u2026]<\/p>\n<p>L\u2019article <a href=\"https:\/\/www.tunisienumerique.com\/tunisie-marzouki-appelle-la-france-a-condamner-le-putsch-de-kais-saied\/\">Tunisie \u2013 Marzouki appelle la France \u00e0 condamner \u00ab\u00a0le putsch\u00a0\u00bb de Ka\u00efs Sa\u00efed<\/a> est apparu en premier sur <a href=\"https:\/\/www.tunisienumerique.com\/\">Tunisie<\/a>.<\/p>\n<\/div>\n<p>Auteur: LM<br \/>\n<a href=\"https:\/\/www.tunisienumerique.com\/tunisie-marzouki-appelle-la-france-a-condamner-le-putsch-de-kais-saied\/\">Cliquez ici pour lire l&rsquo;article depuis sa source.<\/a><\/p>\n","protected":false},"excerpt":{"rendered":"<p>L\u2019ex-pr\u00e9sident provisoire de la R\u00e9publique, Moncef Marzouki, a appel\u00e9, ce samedi, \u00e0 partir de Paris, o\u00f9 il assistait \u00e0 un sit-in avec quelques tunisiens, pour condamner ce qu\u2019il a qualifi\u00e9 de putsch contre la d\u00e9mocratie, en Tunisie, la France d\u00e9mocratique \u00e0 condamner ce putsch et \u00e0 se ranger derri\u00e8re la totalit\u00e9 du peuple tunisien qui [&hellip;]<\/p>\n","protected":false},"author":1789,"featured_media":0,"comment_status":"closed","ping_status":"closed","sticky":false,"template":"","format":"standard","meta":{"fifu_image_url":"","fifu_image_alt":"","footnotes":""},"categories":[73,55],"tags":[],"class_list":["post-129521","post","type-post","status-publish","format-standard","hentry","category-actualite","category-tunisie"],"_links":{"self":[{"href":"https:\/\/linitiative.ca\/International\/wp-json\/wp\/v2\/posts\/129521","targetHints":{"allow":["GET"]}}],"collection":[{"href":"https:\/\/linitiative.ca\/International\/wp-json\/wp\/v2\/posts"}],"about":[{"href":"https:\/\/linitiative.ca\/International\/wp-json\/wp\/v2\/types\/post"}],"author":[{"embeddable":true,"href":"https:\/\/linitiative.ca\/International\/wp-json\/wp\/v2\/users\/1789"}],"replies":[{"embeddable":true,"href":"https:\/\/linitiative.ca\/International\/wp-json\/wp\/v2\/comments?post=129521"}],"version-history":[{"count":0,"href":"https:\/\/linitiative.ca\/International\/wp-json\/wp\/v2\/posts\/129521\/revisions"}],"wp:attachment":[{"href":"https:\/\/linitiative.ca\/International\/wp-json\/wp\/v2\/media?parent=129521"}],"wp:term":[{"taxonomy":"category","embeddable":true,"href":"https:\/\/linitiative.ca\/International\/wp-json\/wp\/v2\/categories?post=129521"},{"taxonomy":"post_tag","embeddable":true,"href":"https:\/\/linitiative.ca\/International\/wp-json\/wp\/v2\/tags?post=129521"}],"curies":[{"name":"wp","href":"https:\/\/api.w.org\/{rel}","templated":true}]}}