{"id":129523,"date":"2021-10-09T16:58:39","date_gmt":"2021-10-09T20:58:39","guid":{"rendered":"https:\/\/linitiative.ca\/International\/la-tunisie-releve-le-degre-dalerte-de-ses-troupes-le-long-des-frontieres-avec-la-libye\/"},"modified":"2021-10-09T16:58:39","modified_gmt":"2021-10-09T20:58:39","slug":"la-tunisie-releve-le-degre-dalerte-de-ses-troupes-le-long-des-frontieres-avec-la-libye","status":"publish","type":"post","link":"https:\/\/linitiative.ca\/International\/la-tunisie-releve-le-degre-dalerte-de-ses-troupes-le-long-des-frontieres-avec-la-libye\/","title":{"rendered":"La Tunisie rel\u00e8ve le degr\u00e9 d\u2019alerte de ses troupes le long des fronti\u00e8res avec la Libye"},"content":{"rendered":"<div>\n<p>Une source s\u00e9curitaire a annonc\u00e9 \u00e0 Jawhara FM, que les autorit\u00e9s tunisiennes ont relev\u00e9 le degr\u00e9 d\u2019alerte des forces s\u00e9curitaires et militaires le long des fronti\u00e8res avec la Libye, apr\u00e8s avoir achemin\u00e9 des renforts sur place. Cette mesure vient, selon la m\u00eame source, en r\u00e9ponse \u00e0 l\u2019\u00e9vasion, hier, de plus de 1000 individus, qui \u00e9taient [\u2026]<\/p>\n<p>L\u2019article <a href=\"https:\/\/www.tunisienumerique.com\/la-tunisie-releve-le-degre-dalerte-de-ses-troupes-le-long-des-frontieres-avec-la-libye\/\">La Tunisie rel\u00e8ve le degr\u00e9 d\u2019alerte de ses troupes le long des fronti\u00e8res avec la Libye<\/a> est apparu en premier sur <a href=\"https:\/\/www.tunisienumerique.com\/\">Tunisie<\/a>.<\/p>\n<\/div>\n<p>Auteur: LM<br \/>\n<a href=\"https:\/\/www.tunisienumerique.com\/la-tunisie-releve-le-degre-dalerte-de-ses-troupes-le-long-des-frontieres-avec-la-libye\/\">Cliquez ici pour lire l&rsquo;article depuis sa source.<\/a><\/p>\n","protected":false},"excerpt":{"rendered":"<p>Une source s\u00e9curitaire a annonc\u00e9 \u00e0 Jawhara FM, que les autorit\u00e9s tunisiennes ont relev\u00e9 le degr\u00e9 d\u2019alerte des forces s\u00e9curitaires et militaires le long des fronti\u00e8res avec la Libye, apr\u00e8s avoir achemin\u00e9 des renforts sur place. Cette mesure vient, selon la m\u00eame source, en r\u00e9ponse \u00e0 l\u2019\u00e9vasion, hier, de plus de 1000 individus, qui \u00e9taient [&hellip;]<\/p>\n","protected":false},"author":1789,"featured_media":0,"comment_status":"closed","ping_status":"closed","sticky":false,"template":"","format":"standard","meta":{"fifu_image_url":"","fifu_image_alt":"","footnotes":""},"categories":[73,55],"tags":[],"class_list":["post-129523","post","type-post","status-publish","format-standard","hentry","category-actualite","category-tunisie"],"_links":{"self":[{"href":"https:\/\/linitiative.ca\/International\/wp-json\/wp\/v2\/posts\/129523","targetHints":{"allow":["GET"]}}],"collection":[{"href":"https:\/\/linitiative.ca\/International\/wp-json\/wp\/v2\/posts"}],"about":[{"href":"https:\/\/linitiative.ca\/International\/wp-json\/wp\/v2\/types\/post"}],"author":[{"embeddable":true,"href":"https:\/\/linitiative.ca\/International\/wp-json\/wp\/v2\/users\/1789"}],"replies":[{"embeddable":true,"href":"https:\/\/linitiative.ca\/International\/wp-json\/wp\/v2\/comments?post=129523"}],"version-history":[{"count":0,"href":"https:\/\/linitiative.ca\/International\/wp-json\/wp\/v2\/posts\/129523\/revisions"}],"wp:attachment":[{"href":"https:\/\/linitiative.ca\/International\/wp-json\/wp\/v2\/media?parent=129523"}],"wp:term":[{"taxonomy":"category","embeddable":true,"href":"https:\/\/linitiative.ca\/International\/wp-json\/wp\/v2\/categories?post=129523"},{"taxonomy":"post_tag","embeddable":true,"href":"https:\/\/linitiative.ca\/International\/wp-json\/wp\/v2\/tags?post=129523"}],"curies":[{"name":"wp","href":"https:\/\/api.w.org\/{rel}","templated":true}]}}