{"id":129524,"date":"2021-10-09T17:12:22","date_gmt":"2021-10-09T21:12:22","guid":{"rendered":"https:\/\/linitiative.ca\/International\/tunisie-le-syndicat-du-corps-diplomatique-appelle-au-retrait-du-passeport-diplomatique-de-moncef-marzouki\/"},"modified":"2021-10-09T17:12:22","modified_gmt":"2021-10-09T21:12:22","slug":"tunisie-le-syndicat-du-corps-diplomatique-appelle-au-retrait-du-passeport-diplomatique-de-moncef-marzouki","status":"publish","type":"post","link":"https:\/\/linitiative.ca\/International\/tunisie-le-syndicat-du-corps-diplomatique-appelle-au-retrait-du-passeport-diplomatique-de-moncef-marzouki\/","title":{"rendered":"Tunisie \u2013 Le syndicat du corps diplomatique appelle au retrait du passeport diplomatique de Moncef Marzouki"},"content":{"rendered":"<div>\n<p>Le syndicat du corps diplomatique a publi\u00e9, ce samedi, un communiqu\u00e9 dans lequel il demande \u00e0 la pr\u00e9sidence de la R\u00e9publique, et au minist\u00e8re des affaires \u00e9trang\u00e8res, de retirer le passeport diplomatique en possession de l\u2019ex pr\u00e9sident provisoire de la R\u00e9publique, Moncef Marzouki, suite au tort qu\u2019il a caus\u00e9 au pays, en s\u2019attaquant \u00e0 ses [\u2026]<\/p>\n<p>L\u2019article <a href=\"https:\/\/www.tunisienumerique.com\/tunisie-le-syndicat-du-corps-diplomatique-appelle-au-retrait-du-passeport-diplomatique-de-moncef-marzouki\/\">Tunisie \u2013 Le syndicat du corps diplomatique appelle au retrait du passeport diplomatique de Moncef Marzouki<\/a> est apparu en premier sur <a href=\"https:\/\/www.tunisienumerique.com\/\">Tunisie<\/a>.<\/p>\n<\/div>\n<p>Auteur: LM<br \/>\n<a href=\"https:\/\/www.tunisienumerique.com\/tunisie-le-syndicat-du-corps-diplomatique-appelle-au-retrait-du-passeport-diplomatique-de-moncef-marzouki\/\">Cliquez ici pour lire l&rsquo;article depuis sa source.<\/a><\/p>\n","protected":false},"excerpt":{"rendered":"<p>Le syndicat du corps diplomatique a publi\u00e9, ce samedi, un communiqu\u00e9 dans lequel il demande \u00e0 la pr\u00e9sidence de la R\u00e9publique, et au minist\u00e8re des affaires \u00e9trang\u00e8res, de retirer le passeport diplomatique en possession de l\u2019ex pr\u00e9sident provisoire de la R\u00e9publique, Moncef Marzouki, suite au tort qu\u2019il a caus\u00e9 au pays, en s\u2019attaquant \u00e0 ses [&hellip;]<\/p>\n","protected":false},"author":1789,"featured_media":0,"comment_status":"closed","ping_status":"closed","sticky":false,"template":"","format":"standard","meta":{"fifu_image_url":"","fifu_image_alt":"","footnotes":""},"categories":[73,55],"tags":[],"class_list":["post-129524","post","type-post","status-publish","format-standard","hentry","category-actualite","category-tunisie"],"_links":{"self":[{"href":"https:\/\/linitiative.ca\/International\/wp-json\/wp\/v2\/posts\/129524","targetHints":{"allow":["GET"]}}],"collection":[{"href":"https:\/\/linitiative.ca\/International\/wp-json\/wp\/v2\/posts"}],"about":[{"href":"https:\/\/linitiative.ca\/International\/wp-json\/wp\/v2\/types\/post"}],"author":[{"embeddable":true,"href":"https:\/\/linitiative.ca\/International\/wp-json\/wp\/v2\/users\/1789"}],"replies":[{"embeddable":true,"href":"https:\/\/linitiative.ca\/International\/wp-json\/wp\/v2\/comments?post=129524"}],"version-history":[{"count":0,"href":"https:\/\/linitiative.ca\/International\/wp-json\/wp\/v2\/posts\/129524\/revisions"}],"wp:attachment":[{"href":"https:\/\/linitiative.ca\/International\/wp-json\/wp\/v2\/media?parent=129524"}],"wp:term":[{"taxonomy":"category","embeddable":true,"href":"https:\/\/linitiative.ca\/International\/wp-json\/wp\/v2\/categories?post=129524"},{"taxonomy":"post_tag","embeddable":true,"href":"https:\/\/linitiative.ca\/International\/wp-json\/wp\/v2\/tags?post=129524"}],"curies":[{"name":"wp","href":"https:\/\/api.w.org\/{rel}","templated":true}]}}