{"id":129527,"date":"2021-10-09T11:08:55","date_gmt":"2021-10-09T15:08:55","guid":{"rendered":"https:\/\/linitiative.ca\/International\/koudougou-le-president-du-faso-echange-avec-le-gouverneur-de-la-region-du-centre-ouest-et-les-chefs-de-canton-du-boulkiemde\/"},"modified":"2021-10-09T11:08:55","modified_gmt":"2021-10-09T15:08:55","slug":"koudougou-le-president-du-faso-echange-avec-le-gouverneur-de-la-region-du-centre-ouest-et-les-chefs-de-canton-du-boulkiemde","status":"publish","type":"post","link":"https:\/\/linitiative.ca\/International\/koudougou-le-president-du-faso-echange-avec-le-gouverneur-de-la-region-du-centre-ouest-et-les-chefs-de-canton-du-boulkiemde\/","title":{"rendered":"koudougou : Le pr\u00e9sident du Faso\u00a0 \u00e9change avec le gouverneur de la R\u00e9gion du  Centre- Ouest et les \u00a0chefs  de canton du Boulkiemd\u00e9"},"content":{"rendered":"<div>\n<p>\u00a0<\/p>\n<div class=\"o9v6fnle cxmmr5t8 oygrvhab hcukyx3x c1et5uql ii04i59q\">\n<div dir=\"auto\">Le pr\u00e9sident du Faso a tenu une #s\u00e9ance de #travail, d\u00e8s son arriv\u00e9e \u00e0 Koudougou, ce samedi 9 octobre 2021, avec le gouverneur du Centre-Ouest, Ir\u00e8ne Coulibaly, en pr\u00e9sence du ministre en charge de la jeunesse, Salifou Tiemtor\u00e9, et celui en charge des infrastructures, \u00c9ric Bougouma. Au menu, \u00e9changes sur les derniers r\u00e9glages du dialogue direct avec les jeunes cet apr\u00e8s-midi \u00e0 Koudougou.<\/div>\n<\/div>\n<div dir=\"auto\"><\/div>\n<div dir=\"auto\"><img decoding=\"async\" loading=\"lazy\" class=\"wp-image-40548 aligncenter\" src=\"https:\/\/linitiative.ca\/International\/wp-content\/uploads\/sites\/23\/2021\/10\/canton-1-300x200-1.jpg\" alt=\"\" width=\"697\" height=\"464\" srcset=\"https:\/\/linitiative.ca\/International\/wp-content\/uploads\/sites\/23\/2021\/10\/canton-1-300x200-1.jpg 300w, https:\/\/www.sidwaya.info\/wp-content\/uploads\/2021\/10\/canton-1-150x100.jpg 150w, https:\/\/www.sidwaya.info\/wp-content\/uploads\/2021\/10\/canton-1.jpg 593w\" sizes=\"auto, (max-width: 697px) 100vw, 697px\"><\/div>\n<div class=\"o9v6fnle cxmmr5t8 oygrvhab hcukyx3x c1et5uql ii04i59q\">\n<div dir=\"auto\">Le pr\u00e9sident du Faso, Roch Marc Christian Kabor\u00e9 a \u00e9galement re\u00e7u en\u00a0 audience, une d\u00e9l\u00e9gation des chefs de canton de la province du Boulkiemd\u00e9, conduite par\u00a0 Naba Saaga,\u00a0 chef de\u00a0 Konkistenga. \u00ab Beaucoup d\u2019efforts ont \u00e9t\u00e9 consentis dans le cadre du d\u00e9veloppement de la ville de Koudougou. Nous sommes venus pour le f\u00e9liciter et l\u2019encourager pour tout ce qu\u2019il fait pour la Nation malgr\u00e9 la situation de l\u2019ins\u00e9curit\u00e9 \u00bb, a indiqu\u00e9, Naba Saaga chef de Konkistenga.<\/div>\n<div dir=\"auto\">Selon lui, les dol\u00e9ances concernent l\u2019insuffisances des infrastructures sanitaires, les probl\u00e8mes li\u00e9s aux plateaux techniques des services de sant\u00e9, les infrastructures routi\u00e8res et l\u2019ins\u00e9curit\u00e9. Les chefs de canton de la province du Boulkiemd\u00e9 ont souhait\u00e9 que le gouvernement fasse plus d\u2019efforts malgr\u00e9 ce qui est d\u00e9j\u00e0 fait pour le bien-\u00eatre de la population de la province.<\/div>\n<\/div>\n<div class=\"o9v6fnle cxmmr5t8 oygrvhab hcukyx3x c1et5uql ii04i59q\">\n<div dir=\"auto\">Direction de la communication de la pr\u00e9sidence du Faso<\/div>\n<\/div>\n<div class=\"o9v6fnle cxmmr5t8 oygrvhab hcukyx3x c1et5uql ii04i59q\">\n<div dir=\"auto\"><\/div>\n<\/div>\n<p>L\u2019article <a rel=\"nofollow\" href=\"https:\/\/www.sidwaya.info\/blog\/2021\/10\/09\/koudougou-le-president-du-faso-echange-avec-le-gouverneur-de-la-region-du-centre-ouest-et-les-chefs-de-canton\/\">koudougou : Le pr\u00e9sident du Faso\u00a0 \u00e9change avec le gouverneur de la R\u00e9gion du  Centre- Ouest et les \u00a0chefs  de canton du Boulkiemd\u00e9<\/a> est apparu en premier sur <a rel=\"nofollow\" href=\"https:\/\/www.sidwaya.info\/\">Quotidien Sidwaya<\/a>.<\/p>\n<\/div>\n<p>Auteur: Wamini SIDWAYA<br \/>\n<a href=\"https:\/\/www.sidwaya.info\/blog\/2021\/10\/09\/koudougou-le-president-du-faso-echange-avec-le-gouverneur-de-la-region-du-centre-ouest-et-les-chefs-de-canton\/\">Cliquez ici pour lire l&rsquo;article depuis sa source.<\/a><\/p>\n","protected":false},"excerpt":{"rendered":"<p>\u00a0 Le pr\u00e9sident du Faso a tenu une #s\u00e9ance de #travail, d\u00e8s son arriv\u00e9e \u00e0 Koudougou, ce samedi 9 octobre 2021, avec le gouverneur du Centre-Ouest, Ir\u00e8ne Coulibaly, en pr\u00e9sence du ministre en charge de la jeunesse, Salifou Tiemtor\u00e9, et celui en charge des infrastructures, \u00c9ric Bougouma. Au menu, \u00e9changes sur les derniers r\u00e9glages du [&hellip;]<\/p>\n","protected":false},"author":1816,"featured_media":0,"comment_status":"closed","ping_status":"closed","sticky":false,"template":"","format":"standard","meta":{"fifu_image_url":"https:\/\/www.sidwaya.info\/wp-content\/uploads\/2021\/10\/canton-1-300x200.jpg","fifu_image_alt":"koudougou : Le pr\u00e9sident du Faso\u00a0 \u00e9change avec le gouverneur de la R\u00e9gion du  Centre- Ouest et les \u00a0chefs  de canton du Boulkiemd\u00e9","footnotes":""},"categories":[73,81],"tags":[],"class_list":["post-129527","post","type-post","status-publish","format-standard","hentry","category-actualite","category-burkina-faso"],"_links":{"self":[{"href":"https:\/\/linitiative.ca\/International\/wp-json\/wp\/v2\/posts\/129527","targetHints":{"allow":["GET"]}}],"collection":[{"href":"https:\/\/linitiative.ca\/International\/wp-json\/wp\/v2\/posts"}],"about":[{"href":"https:\/\/linitiative.ca\/International\/wp-json\/wp\/v2\/types\/post"}],"author":[{"embeddable":true,"href":"https:\/\/linitiative.ca\/International\/wp-json\/wp\/v2\/users\/1816"}],"replies":[{"embeddable":true,"href":"https:\/\/linitiative.ca\/International\/wp-json\/wp\/v2\/comments?post=129527"}],"version-history":[{"count":0,"href":"https:\/\/linitiative.ca\/International\/wp-json\/wp\/v2\/posts\/129527\/revisions"}],"wp:attachment":[{"href":"https:\/\/linitiative.ca\/International\/wp-json\/wp\/v2\/media?parent=129527"}],"wp:term":[{"taxonomy":"category","embeddable":true,"href":"https:\/\/linitiative.ca\/International\/wp-json\/wp\/v2\/categories?post=129527"},{"taxonomy":"post_tag","embeddable":true,"href":"https:\/\/linitiative.ca\/International\/wp-json\/wp\/v2\/tags?post=129527"}],"curies":[{"name":"wp","href":"https:\/\/api.w.org\/{rel}","templated":true}]}}