{"id":129529,"date":"2021-10-09T11:53:18","date_gmt":"2021-10-09T15:53:18","guid":{"rendered":"https:\/\/linitiative.ca\/International\/forum-national-des-jeunes-le-comite-national-dorganisation-recoit-les-felicitations-de-roch-kabore\/"},"modified":"2021-10-09T11:53:18","modified_gmt":"2021-10-09T15:53:18","slug":"forum-national-des-jeunes-le-comite-national-dorganisation-recoit-les-felicitations-de-roch-kabore","status":"publish","type":"post","link":"https:\/\/linitiative.ca\/International\/forum-national-des-jeunes-le-comite-national-dorganisation-recoit-les-felicitations-de-roch-kabore\/","title":{"rendered":"Forum national des jeunes : Le comit\u00e9 national d\u2019organisation re\u00e7oit les f\u00e9licitations de Roch Kabor\u00e9,"},"content":{"rendered":"<div>\n<p>Le pr\u00e9sident du Faso, Roch Marc Christian Kabor\u00e9 a \u00e9chang\u00e9 en fin de matin\u00e9e de ce samedi 9 octobre avec le comit\u00e9 national d\u2019organisation de l\u2019\u00e9dition 2021 du Forum national des jeunes, conduit par son pr\u00e9sident, le ministre en charge de la jeunesse, Salifo Tiemtor\u00e9.<\/p>\n<p>\u00ab Le pr\u00e9sident du Faso a rencontr\u00e9 l\u2019ensemble des acteurs cl\u00e9s de l\u2019organisation du Forum pour les f\u00e9liciter pour ce qu\u2019ils ont fait comme effort pour l\u2019organisation de cette \u00e9dition\u00bb, a d\u00e9clar\u00e9 le ministre Salifo Tiemtor\u00e9 \u00e0 l\u2019issue des \u00e9changes avec le chef de l\u2019Etat.<\/p>\n<p>Selon le ministre en charge de la jeunesse, le pr\u00e9sident du Faso a \u00e9galement donn\u00e9 des instructions, des conseils et leur a rappel\u00e9 les attentes plac\u00e9es en eux pour la promotion de l\u2019emploi et l\u2019auto-emploi de la jeunesse.<\/p>\n<p><img decoding=\"async\" loading=\"lazy\" class=\"wp-image-40556 alignleft\" src=\"https:\/\/linitiative.ca\/International\/wp-content\/uploads\/sites\/23\/2021\/10\/saliif-300x200-1.jpg\" alt=\"\" width=\"485\" height=\"323\" srcset=\"https:\/\/linitiative.ca\/International\/wp-content\/uploads\/sites\/23\/2021\/10\/saliif-300x200-1.jpg 300w, https:\/\/www.sidwaya.info\/wp-content\/uploads\/2021\/10\/saliif-768x512.jpg 768w, https:\/\/www.sidwaya.info\/wp-content\/uploads\/2021\/10\/saliif-150x100.jpg 150w, https:\/\/www.sidwaya.info\/wp-content\/uploads\/2021\/10\/saliif-696x464.jpg 696w, https:\/\/www.sidwaya.info\/wp-content\/uploads\/2021\/10\/saliif-630x420.jpg 630w, https:\/\/www.sidwaya.info\/wp-content\/uploads\/2021\/10\/saliif.jpg 900w\" sizes=\"auto, (max-width: 485px) 100vw, 485px\"><\/p>\n<p>Le pr\u00e9sident du comit\u00e9 national d\u2019organisation a \u00e9galement exprim\u00e9 sa satisfaction quant au d\u00e9roulement de la pr\u00e9sente \u00e9dition du Forum national des jeunes.<\/p>\n<p>\u00ab Toutes les activit\u00e9s ont \u00e9t\u00e9 r\u00e9alis\u00e9es ; de la c\u00e9r\u00e9monie d\u2019ouverture en passant par l\u2019ensemble des communications, la Nuit de la jeunesse, le Salon de cr\u00e9ativit\u00e9 et nous allons conna\u00eetre l\u2019apoth\u00e9ose avec les \u00e9changes directs entre le chef de l\u2019Etat et les jeunes venus des 45 provinces de notre pays \u00bb, a soutenu le ministre Tiemtor\u00e9.<\/p>\n<p>Direction de la communication de la pr\u00e9sidence du Faso<\/p>\n<p>\u00a0<\/p>\n<p>L\u2019article <a rel=\"nofollow\" href=\"https:\/\/www.sidwaya.info\/blog\/2021\/10\/09\/forum-national-des-jeunes-le-comite-national-dorganisation-recoit-les-felicitations-de-roch-kabore\/\">Forum national des jeunes : Le comit\u00e9 national d\u2019organisation re\u00e7oit les f\u00e9licitations de Roch Kabor\u00e9,<\/a> est apparu en premier sur <a rel=\"nofollow\" href=\"https:\/\/www.sidwaya.info\/\">Quotidien Sidwaya<\/a>.<\/p>\n<\/div>\n<p>Auteur: Wamini SIDWAYA<br \/>\n<a href=\"https:\/\/www.sidwaya.info\/blog\/2021\/10\/09\/forum-national-des-jeunes-le-comite-national-dorganisation-recoit-les-felicitations-de-roch-kabore\/\">Cliquez ici pour lire l&rsquo;article depuis sa source.<\/a><\/p>\n","protected":false},"excerpt":{"rendered":"<p>Le pr\u00e9sident du Faso, Roch Marc Christian Kabor\u00e9 a \u00e9chang\u00e9 en fin de matin\u00e9e de ce samedi 9 octobre avec le comit\u00e9 national d\u2019organisation de l\u2019\u00e9dition 2021 du Forum national des jeunes, conduit par son pr\u00e9sident, le ministre en charge de la jeunesse, Salifo Tiemtor\u00e9. \u00ab Le pr\u00e9sident du Faso a rencontr\u00e9 l\u2019ensemble des acteurs [&hellip;]<\/p>\n","protected":false},"author":1816,"featured_media":0,"comment_status":"closed","ping_status":"closed","sticky":false,"template":"","format":"standard","meta":{"fifu_image_url":"https:\/\/www.sidwaya.info\/wp-content\/uploads\/2021\/10\/saliif-300x200.jpg","fifu_image_alt":"Forum national des jeunes : Le comit\u00e9 national d\u2019organisation re\u00e7oit les f\u00e9licitations de Roch Kabor\u00e9,","footnotes":""},"categories":[73,81],"tags":[],"class_list":["post-129529","post","type-post","status-publish","format-standard","hentry","category-actualite","category-burkina-faso"],"_links":{"self":[{"href":"https:\/\/linitiative.ca\/International\/wp-json\/wp\/v2\/posts\/129529","targetHints":{"allow":["GET"]}}],"collection":[{"href":"https:\/\/linitiative.ca\/International\/wp-json\/wp\/v2\/posts"}],"about":[{"href":"https:\/\/linitiative.ca\/International\/wp-json\/wp\/v2\/types\/post"}],"author":[{"embeddable":true,"href":"https:\/\/linitiative.ca\/International\/wp-json\/wp\/v2\/users\/1816"}],"replies":[{"embeddable":true,"href":"https:\/\/linitiative.ca\/International\/wp-json\/wp\/v2\/comments?post=129529"}],"version-history":[{"count":0,"href":"https:\/\/linitiative.ca\/International\/wp-json\/wp\/v2\/posts\/129529\/revisions"}],"wp:attachment":[{"href":"https:\/\/linitiative.ca\/International\/wp-json\/wp\/v2\/media?parent=129529"}],"wp:term":[{"taxonomy":"category","embeddable":true,"href":"https:\/\/linitiative.ca\/International\/wp-json\/wp\/v2\/categories?post=129529"},{"taxonomy":"post_tag","embeddable":true,"href":"https:\/\/linitiative.ca\/International\/wp-json\/wp\/v2\/tags?post=129529"}],"curies":[{"name":"wp","href":"https:\/\/api.w.org\/{rel}","templated":true}]}}