{"id":129531,"date":"2021-10-09T12:18:53","date_gmt":"2021-10-09T16:18:53","guid":{"rendered":"https:\/\/linitiative.ca\/International\/forum-national-des-jeunes-le-chef-de-letat-invite-les-jeunes-a-plus-dengagement-et-de-patience\/"},"modified":"2021-10-09T12:18:53","modified_gmt":"2021-10-09T16:18:53","slug":"forum-national-des-jeunes-le-chef-de-letat-invite-les-jeunes-a-plus-dengagement-et-de-patience","status":"publish","type":"post","link":"https:\/\/linitiative.ca\/International\/forum-national-des-jeunes-le-chef-de-letat-invite-les-jeunes-a-plus-dengagement-et-de-patience\/","title":{"rendered":"Forum national des jeunes\u00a0: Le chef de l\u2019Etat\u00a0 invite les jeunes a plus d\u2019engagement et de \u00a0patience"},"content":{"rendered":"<div>\n<p>Le pr\u00e9sident du Faso, Roch Marc Christian Kabor\u00e9 a accord\u00e9 ce samedi 9 octobre 2021, une audience au bureau du Conseil national de la jeunesse, conduit par son pr\u00e9sident Moumouni Dialla.<\/p>\n<p><img decoding=\"async\" loading=\"lazy\" class=\" wp-image-40560 alignleft\" src=\"https:\/\/linitiative.ca\/International\/wp-content\/uploads\/sites\/23\/2021\/10\/jeune1-300x200-1.jpg\" alt=\"\" width=\"431\" height=\"287\" srcset=\"https:\/\/linitiative.ca\/International\/wp-content\/uploads\/sites\/23\/2021\/10\/jeune1-300x200-1.jpg 300w, https:\/\/www.sidwaya.info\/wp-content\/uploads\/2021\/10\/jeune1-768x512.jpg 768w, https:\/\/www.sidwaya.info\/wp-content\/uploads\/2021\/10\/jeune1-150x100.jpg 150w, https:\/\/www.sidwaya.info\/wp-content\/uploads\/2021\/10\/jeune1-696x464.jpg 696w, https:\/\/www.sidwaya.info\/wp-content\/uploads\/2021\/10\/jeune1-630x420.jpg 630w, https:\/\/www.sidwaya.info\/wp-content\/uploads\/2021\/10\/jeune1.jpg 900w\" sizes=\"auto, (max-width: 431px) 100vw, 431px\"><\/p>\n<div class=\"\" data-block=\"true\" data-editor=\"542ak\" data-offset-key=\"bed07-0-0\">\n<div class=\"_1mf _1mj\" data-offset-key=\"bed07-0-0\">\n<p>\u00ab Le pr\u00e9sident du Faso a bien voulu recevoir cette jeunesse, la cr\u00e8me de la nation, pour l\u2019\u00e9couter sur les pr\u00e9occupations sp\u00e9cifiques \u00e0 elle, sa vision globale du d\u00e9veloppement et lui prodiguer des conseils \u00bb, a d\u00e9clar\u00e9 Moumouni Dialla \u00e0 l\u2019issue de l\u2019audience. Selon lui, le Conseil national de la jeunesse qui repr\u00e9sente l\u2019ensemble des jeunes du Burkina Faso, \u00ab est engag\u00e9 pour le d\u00e9veloppement de notre pays, rien que pour le d\u00e9veloppement \u00bb.<\/p>\n<p>Le pr\u00e9sident du Faso en retour a prodigu\u00e9 \u00ab de pr\u00e9cieux conseils et a assur\u00e9 son engagement avec la jeunesse pour la construction et la coh\u00e9sion nationale \u00bb. Le chef de l\u2019Etat a par ailleurs, invit\u00e9 les jeunes \u00e0 plus d\u2019engagement et de patience car a-t-il sp\u00e9cifi\u00e9, il faut un minimum de sacrifice en toutes choses.<\/p>\n<p>Direction de la communication de la pr\u00e9sidence du Faso<\/p>\n<p>\u00a0<\/p>\n<\/div>\n<\/div>\n<div class=\"\" data-block=\"true\" data-editor=\"542ak\" data-offset-key=\"8n2ue-0-0\">\n<div class=\"_1mf _1mj\" data-offset-key=\"8n2ue-0-0\"><span data-offset-key=\"8n2ue-0-0\">\u00a0<\/span><\/div>\n<\/div>\n<div class=\"\" data-block=\"true\" data-editor=\"542ak\" data-offset-key=\"9qmuv-0-0\"><\/div>\n<p>L\u2019article <a rel=\"nofollow\" href=\"https:\/\/www.sidwaya.info\/blog\/2021\/10\/09\/forum-national-des-jeunes-le-chef-de-letat-invite-les-jeunes-a-plus-dengagement-et-de-patience\/\">Forum national des jeunes\u00a0: Le chef de l\u2019Etat\u00a0 invite les jeunes a plus d\u2019engagement et de \u00a0patience<\/a> est apparu en premier sur <a rel=\"nofollow\" href=\"https:\/\/www.sidwaya.info\/\">Quotidien Sidwaya<\/a>.<\/p>\n<\/div>\n<p>Auteur: Wamini SIDWAYA<br \/>\n<a href=\"https:\/\/www.sidwaya.info\/blog\/2021\/10\/09\/forum-national-des-jeunes-le-chef-de-letat-invite-les-jeunes-a-plus-dengagement-et-de-patience\/\">Cliquez ici pour lire l&rsquo;article depuis sa source.<\/a><\/p>\n","protected":false},"excerpt":{"rendered":"<p>Le pr\u00e9sident du Faso, Roch Marc Christian Kabor\u00e9 a accord\u00e9 ce samedi 9 octobre 2021, une audience au bureau du Conseil national de la jeunesse, conduit par son pr\u00e9sident Moumouni Dialla. \u00ab Le pr\u00e9sident du Faso a bien voulu recevoir cette jeunesse, la cr\u00e8me de la nation, pour l\u2019\u00e9couter sur les pr\u00e9occupations sp\u00e9cifiques \u00e0 elle, [&hellip;]<\/p>\n","protected":false},"author":1816,"featured_media":0,"comment_status":"closed","ping_status":"closed","sticky":false,"template":"","format":"standard","meta":{"fifu_image_url":"https:\/\/www.sidwaya.info\/wp-content\/uploads\/2021\/10\/jeune1-300x200.jpg","fifu_image_alt":"Forum national des jeunes\u00a0: Le chef de l\u2019Etat\u00a0 invite les jeunes a plus d\u2019engagement et de \u00a0patience","footnotes":""},"categories":[73,81],"tags":[],"class_list":["post-129531","post","type-post","status-publish","format-standard","hentry","category-actualite","category-burkina-faso"],"_links":{"self":[{"href":"https:\/\/linitiative.ca\/International\/wp-json\/wp\/v2\/posts\/129531","targetHints":{"allow":["GET"]}}],"collection":[{"href":"https:\/\/linitiative.ca\/International\/wp-json\/wp\/v2\/posts"}],"about":[{"href":"https:\/\/linitiative.ca\/International\/wp-json\/wp\/v2\/types\/post"}],"author":[{"embeddable":true,"href":"https:\/\/linitiative.ca\/International\/wp-json\/wp\/v2\/users\/1816"}],"replies":[{"embeddable":true,"href":"https:\/\/linitiative.ca\/International\/wp-json\/wp\/v2\/comments?post=129531"}],"version-history":[{"count":0,"href":"https:\/\/linitiative.ca\/International\/wp-json\/wp\/v2\/posts\/129531\/revisions"}],"wp:attachment":[{"href":"https:\/\/linitiative.ca\/International\/wp-json\/wp\/v2\/media?parent=129531"}],"wp:term":[{"taxonomy":"category","embeddable":true,"href":"https:\/\/linitiative.ca\/International\/wp-json\/wp\/v2\/categories?post=129531"},{"taxonomy":"post_tag","embeddable":true,"href":"https:\/\/linitiative.ca\/International\/wp-json\/wp\/v2\/tags?post=129531"}],"curies":[{"name":"wp","href":"https:\/\/api.w.org\/{rel}","templated":true}]}}