{"id":129533,"date":"2021-10-09T03:18:02","date_gmt":"2021-10-09T07:18:02","guid":{"rendered":"https:\/\/linitiative.ca\/International\/impots-ivoiriens-des-agents-vises-par-des-plaintes-pour-malversations\/"},"modified":"2021-10-09T03:18:02","modified_gmt":"2021-10-09T07:18:02","slug":"impots-ivoiriens-des-agents-vises-par-des-plaintes-pour-malversations","status":"publish","type":"post","link":"https:\/\/linitiative.ca\/International\/impots-ivoiriens-des-agents-vises-par-des-plaintes-pour-malversations\/","title":{"rendered":"Imp\u00f4ts ivoiriens: des agents vis\u00e9s par des plaintes pour malversations"},"content":{"rendered":"<div>\n<p><img loading=\"lazy\" decoding=\"async\" width=\"512\" height=\"341\" src=\"https:\/\/linitiative.ca\/International\/wp-content\/uploads\/sites\/23\/2021\/10\/16337638827591.jpg\" class=\"attachment-post-thumbnail size-post-thumbnail wp-post-image\" alt=\"\" srcset=\"https:\/\/linitiative.ca\/International\/wp-content\/uploads\/sites\/23\/2021\/10\/16337638827591.jpg 512w, https:\/\/www.journalducameroun.com\/wp-content\/uploads\/2021\/10\/16337638827591-300x200.jpg 300w\" sizes=\"auto, (max-width: 512px) 100vw, 512px\"><\/p>\n<p>Des agents des services des imp\u00f4ts en C\u00f4te d&rsquo;Ivoire, reconnus \u00ab\u00a0coupables de cas de malversations et de mauvaise gouvernance\u00a0\u00bb sont vis\u00e9s par des plaintes, selon le directeur g\u00e9n\u00e9ral des imp\u00f4ts, Abou Si\u00e9 Ouattara.<\/p>\n<p>\u00ab\u00a0Les personnes qui ont \u00e9t\u00e9 identifi\u00e9es et qui ont \u00e9t\u00e9 reconnues coupables de cas de malversations et de mauvaise gouvernance, ces personnes l\u00e0 font l&rsquo;objet de mesures disciplinaires\u00a0\u00bb, a indiqu\u00e9 jeudi M. Abou Si\u00e9 Ouattara.<\/p>\n<p>Le directeur g\u00e9n\u00e9ral des imp\u00f4ts s&rsquo;exprimait, en marge d&rsquo;un s\u00e9minaire bilan des services des imp\u00f4ts, \u00e0 Abidjan. Il ressort des r\u00e9sultats que 743,6 milliards Fcfa ont \u00e9t\u00e9 collect\u00e9s au 3e trimestre 2021 pour un objectif de recettes de 660,2 milliards, soit un \u00e9cart positif de 83,4 milliards.\u00a0<\/p>\n<p>Selon M. \u00a0Abou Si\u00e9 Ouattara \u00ab\u00a0\u00e0 partir du moment o\u00f9 un dossier est dans le circuit disciplinaire, il n&rsquo;est plus du ressort du directeur g\u00e9n\u00e9ral des imp\u00f4ts, il s&rsquo;agit des personnes contre lesquelles le directeur g\u00e9n\u00e9ral des imp\u00f4ts a port\u00e9 plainte\u00a0\u00bb.\u00a0<\/p>\n<p>De ce fait, \u00ab\u00a0nous laissons les autorit\u00e9s comp\u00e9tentes traiter de ces questions l\u00e0 et donner les r\u00e9ponses qui sied. Si les r\u00e9ponses qui sont issues de ces d\u00e9lib\u00e9rations l\u00e0 donnent lieu \u00e0 des sanctions, elles seront appliqu\u00e9es dans toute la rigueur de la loi\u00a0\u00bb, a-t-il ajout\u00e9.\u00a0<\/p>\n<p>Il a fait savoir que de nombreux dossiers disciplinaires sont sur la table du Conseil de discipline. Par cons\u00e9quent, \u00ab\u00a0les brebis galeuses qui sont identifi\u00e9s seront trait\u00e9s comme tel\u00a0\u00bb afin que \u00ab\u00a0les agissements d&rsquo;une minorit\u00e9 ne jettent pas l&rsquo;opprobre sur toute une corporation\u00a0\u00bb. \u00a0<\/p>\n<p>Notre corporation, rappellera-t-il, consiste \u00e0 collecter les deniers publics pour le compte de l&rsquo;Etat afin d&rsquo;assurer le bien-\u00eatre des populations et le d\u00e9veloppement du pays, et se doit d&rsquo;\u00eatre irr\u00e9prochable dans sa mission.\u00a0<\/p>\n<p>M. Abou Si\u00e9 Ouattara a invit\u00e9 \u00e0 porter \u00e0 la connaissance de la direction g\u00e9n\u00e9rale les \u00ab\u00a0cas av\u00e9r\u00e9s\u00a0\u00bb, assurant qu'\u00a0\u00bbautomatiquement les mesures sont prises\u00a0\u00bb. Il s&rsquo;est refus\u00e9 de citer les personnes faisant l&rsquo;objet de plaintes.<\/p>\n<p>L&rsquo;Etat ivoirien, engag\u00e9 dans la lutte contre la corruption, a mis en place un minist\u00e8re d\u00e9di\u00e9 \u00e0 la lutte contre la corruption et de la promotion de la bonne gouvernance. Plusieurs entit\u00e9s publiques font actuellement l&rsquo;objet d&rsquo;audit et d&rsquo;investigations. \u00a0<\/p>\n<p>Cet article <a rel=\"nofollow\" href=\"https:\/\/www.journalducameroun.com\/impots-ivoiriens-des-agents-vises-par-des-plaintes-pour-malversations\/\">Imp\u00f4ts ivoiriens: des agents vis\u00e9s par des plaintes pour malversations<\/a> est apparu en premier sur <a rel=\"nofollow\" href=\"https:\/\/www.journalducameroun.com\/\">Journal du Cameroun<\/a>.<\/p>\n<\/div>\n<p>Auteur: APA News<br \/>\n<a href=\"https:\/\/www.journalducameroun.com\/impots-ivoiriens-des-agents-vises-par-des-plaintes-pour-malversations\/\">Cliquez ici pour lire l&rsquo;article depuis sa source.<\/a><\/p>\n","protected":false},"excerpt":{"rendered":"<p>Des agents des services des imp\u00f4ts en C\u00f4te d&rsquo;Ivoire, reconnus \u00ab\u00a0coupables de cas de malversations et de mauvaise gouvernance\u00a0\u00bb sont vis\u00e9s par des plaintes, selon le directeur g\u00e9n\u00e9ral des imp\u00f4ts, Abou Si\u00e9 Ouattara. \u00ab\u00a0Les personnes qui ont \u00e9t\u00e9 identifi\u00e9es et qui ont \u00e9t\u00e9 reconnues coupables de cas de malversations et de mauvaise gouvernance, ces personnes [&hellip;]<\/p>\n","protected":false},"author":1965,"featured_media":0,"comment_status":"closed","ping_status":"closed","sticky":false,"template":"","format":"standard","meta":{"fifu_image_url":"https:\/\/www.journalducameroun.com\/wp-content\/uploads\/2021\/10\/16337638827591.jpg","fifu_image_alt":"Imp\u00f4ts ivoiriens: des agents vis\u00e9s par des plaintes pour malversations","footnotes":""},"categories":[73,82],"tags":[],"class_list":["post-129533","post","type-post","status-publish","format-standard","hentry","category-actualite","category-cameroun"],"_links":{"self":[{"href":"https:\/\/linitiative.ca\/International\/wp-json\/wp\/v2\/posts\/129533","targetHints":{"allow":["GET"]}}],"collection":[{"href":"https:\/\/linitiative.ca\/International\/wp-json\/wp\/v2\/posts"}],"about":[{"href":"https:\/\/linitiative.ca\/International\/wp-json\/wp\/v2\/types\/post"}],"author":[{"embeddable":true,"href":"https:\/\/linitiative.ca\/International\/wp-json\/wp\/v2\/users\/1965"}],"replies":[{"embeddable":true,"href":"https:\/\/linitiative.ca\/International\/wp-json\/wp\/v2\/comments?post=129533"}],"version-history":[{"count":0,"href":"https:\/\/linitiative.ca\/International\/wp-json\/wp\/v2\/posts\/129533\/revisions"}],"wp:attachment":[{"href":"https:\/\/linitiative.ca\/International\/wp-json\/wp\/v2\/media?parent=129533"}],"wp:term":[{"taxonomy":"category","embeddable":true,"href":"https:\/\/linitiative.ca\/International\/wp-json\/wp\/v2\/categories?post=129533"},{"taxonomy":"post_tag","embeddable":true,"href":"https:\/\/linitiative.ca\/International\/wp-json\/wp\/v2\/tags?post=129533"}],"curies":[{"name":"wp","href":"https:\/\/api.w.org\/{rel}","templated":true}]}}