{"id":129535,"date":"2021-10-09T04:18:02","date_gmt":"2021-10-09T08:18:02","guid":{"rendered":"https:\/\/linitiative.ca\/International\/cote-divoire-des-projets-a-impact-rapide-bientot-inaugures-dans-le-moronou\/"},"modified":"2021-10-09T04:18:02","modified_gmt":"2021-10-09T08:18:02","slug":"cote-divoire-des-projets-a-impact-rapide-bientot-inaugures-dans-le-moronou","status":"publish","type":"post","link":"https:\/\/linitiative.ca\/International\/cote-divoire-des-projets-a-impact-rapide-bientot-inaugures-dans-le-moronou\/","title":{"rendered":"C\u00f4te d\u2019Ivoire: des projets \u00e0 impact rapide bient\u00f4t inaugur\u00e9s dans le Moronou"},"content":{"rendered":"<div>\n<p><img loading=\"lazy\" decoding=\"async\" width=\"1080\" height=\"720\" src=\"https:\/\/linitiative.ca\/International\/wp-content\/uploads\/sites\/23\/2021\/10\/16337674823318.jpg\" class=\"attachment-post-thumbnail size-post-thumbnail wp-post-image\" alt=\"\" srcset=\"https:\/\/linitiative.ca\/International\/wp-content\/uploads\/sites\/23\/2021\/10\/16337674823318.jpg 1080w, https:\/\/www.journalducameroun.com\/wp-content\/uploads\/2021\/10\/16337674823318-300x200.jpg 300w, https:\/\/www.journalducameroun.com\/wp-content\/uploads\/2021\/10\/16337674823318-768x512.jpg 768w, https:\/\/www.journalducameroun.com\/wp-content\/uploads\/2021\/10\/16337674823318-1024x683.jpg 1024w, https:\/\/www.journalducameroun.com\/wp-content\/uploads\/2021\/10\/16337674823318-660x440.jpg 660w, https:\/\/www.journalducameroun.com\/wp-content\/uploads\/2021\/10\/16337674823318-600x400.jpg 600w\" sizes=\"auto, (max-width: 1080px) 100vw, 1080px\"><\/p>\n<p>Plusieurs infrastructures scolaires et sanitaires r\u00e9alis\u00e9es dans le cadre des projets \u00e0 impact rapide seront inaugur\u00e9es en  novembre et d\u00e9cembre 2021 dans la r\u00e9gion de Moronou (Centre-Est ivoirien).<\/p>\n<p>L&rsquo;information a \u00e9t\u00e9 donn\u00e9e par Dr Jacob Assougba, d\u00e9put\u00e9 de Bongouanou commune, faisant le point de ces projets \u00e0 impact rapide de la r\u00e9gion (PI2R) de Moronou, rapporte une note d&rsquo;information parvenue \u00e0 APA, samedi.<\/p>\n<p>Il s&rsquo;agit notamment d&rsquo;\u00e9tablissements primaires et secondaires \u00e0 Arrah, \u00e0 Bongouanou, \u00e0 Assaoufou\u00e9, et \u00e0 Assi\u00e9-Akpess\u00e9 (M&rsquo;batto), ainsi que des cantines scolaires.<\/p>\n<p>Au niveau sanitaire, ce sont diverses infrastructures d\u00e9j\u00e0 op\u00e9rationnelles qui soulagent les populations. A ce propos, le d\u00e9put\u00e9 a cit\u00e9 le centre de sant\u00e9 d&rsquo;Ahorosso, dans la commune de Bongouanou, des centres de sant\u00e9 urbains \u00e0 Arrah et \u00e0 M&rsquo;batto.<\/p>\n<p>Au plan communautaire, la r\u00e9habilitation compl\u00e8te des foyers de jeunes de Bongouanou et de M&rsquo;batto, la construction des foyers des Jeunes d&rsquo;Assi\u00e9-Koumassi et d&rsquo;Assaoufou\u00e9, la dotation des femmes d&rsquo;And\u00e9, d&rsquo;Arrah et d&rsquo;Assi\u00e9-Koumassi en hangars pour leurs activit\u00e9s commerciales, figurent au nombre des acquis dont les populations se r\u00e9jouissent.<\/p>\n<p>En pr\u00e9lude \u00e0 l&rsquo;inauguration de toutes ces infrastructures, le d\u00e9put\u00e9 Jacob Assougba, par ailleurs point focal du PI2R-Moronou, a salu\u00e9 l&rsquo;Inspecteur g\u00e9n\u00e9ral d&rsquo;Etat, Th\u00e9ophile Ahoua N&rsquo;Doli, pour ses actions en faveur du d\u00e9veloppement de la r\u00e9gion.<\/p>\n<p>Le d\u00e9put\u00e9 a traduit les aspirations des populations qui ne demandent pas mieux au pr\u00e9sident de la r\u00e9gion de Moronou, Ahoua N&rsquo;doli. Surnomm\u00e9 le \u2018&rsquo;baobab\u00a0\u00bb de la r\u00e9gion, M. N&rsquo;Doli est invit\u00e9 par les populations \u00e0 continuer \u00e0 \u0153uvrer dans ce sens du d\u00e9veloppement aupr\u00e8s du pr\u00e9sident de la R\u00e9publique, Alassane Ouattara.<\/p>\n<p>Il a r\u00e9affirm\u00e9 l&rsquo;attachement du peuple Morofou\u00e9 au \u00ab programme du gouvernement mis en \u0153uvre avec dext\u00e9rit\u00e9 et engagement par le premier ministre, Patrick Achi \u00bb, sollicitant dans la foul\u00e9e le financement d&rsquo;autres projets pour poursuivre la visibilit\u00e9 de l&rsquo;ancienne boucle du cacao.<\/p>\n<p>Cet article <a rel=\"nofollow\" href=\"https:\/\/www.journalducameroun.com\/cote-divoire-des-projets-a-impact-rapide-bientot-inaugures-dans-le-moronou\/\">C\u00f4te d\u2019Ivoire: des projets \u00e0 impact rapide bient\u00f4t inaugur\u00e9s dans le Moronou<\/a> est apparu en premier sur <a rel=\"nofollow\" href=\"https:\/\/www.journalducameroun.com\/\">Journal du Cameroun<\/a>.<\/p>\n<\/div>\n<p>Auteur: APA News<br \/>\n<a href=\"https:\/\/www.journalducameroun.com\/cote-divoire-des-projets-a-impact-rapide-bientot-inaugures-dans-le-moronou\/\">Cliquez ici pour lire l&rsquo;article depuis sa source.<\/a><\/p>\n","protected":false},"excerpt":{"rendered":"<p>Plusieurs infrastructures scolaires et sanitaires r\u00e9alis\u00e9es dans le cadre des projets \u00e0 impact rapide seront inaugur\u00e9es en novembre et d\u00e9cembre 2021 dans la r\u00e9gion de Moronou (Centre-Est ivoirien). L&rsquo;information a \u00e9t\u00e9 donn\u00e9e par Dr Jacob Assougba, d\u00e9put\u00e9 de Bongouanou commune, faisant le point de ces projets \u00e0 impact rapide de la r\u00e9gion (PI2R) de Moronou, [&hellip;]<\/p>\n","protected":false},"author":1965,"featured_media":0,"comment_status":"closed","ping_status":"closed","sticky":false,"template":"","format":"standard","meta":{"fifu_image_url":"https:\/\/www.journalducameroun.com\/wp-content\/uploads\/2021\/10\/16337674823318.jpg","fifu_image_alt":"C\u00f4te d\u2019Ivoire: des projets \u00e0 impact rapide bient\u00f4t inaugur\u00e9s dans le Moronou","footnotes":""},"categories":[73,82],"tags":[],"class_list":["post-129535","post","type-post","status-publish","format-standard","hentry","category-actualite","category-cameroun"],"_links":{"self":[{"href":"https:\/\/linitiative.ca\/International\/wp-json\/wp\/v2\/posts\/129535","targetHints":{"allow":["GET"]}}],"collection":[{"href":"https:\/\/linitiative.ca\/International\/wp-json\/wp\/v2\/posts"}],"about":[{"href":"https:\/\/linitiative.ca\/International\/wp-json\/wp\/v2\/types\/post"}],"author":[{"embeddable":true,"href":"https:\/\/linitiative.ca\/International\/wp-json\/wp\/v2\/users\/1965"}],"replies":[{"embeddable":true,"href":"https:\/\/linitiative.ca\/International\/wp-json\/wp\/v2\/comments?post=129535"}],"version-history":[{"count":0,"href":"https:\/\/linitiative.ca\/International\/wp-json\/wp\/v2\/posts\/129535\/revisions"}],"wp:attachment":[{"href":"https:\/\/linitiative.ca\/International\/wp-json\/wp\/v2\/media?parent=129535"}],"wp:term":[{"taxonomy":"category","embeddable":true,"href":"https:\/\/linitiative.ca\/International\/wp-json\/wp\/v2\/categories?post=129535"},{"taxonomy":"post_tag","embeddable":true,"href":"https:\/\/linitiative.ca\/International\/wp-json\/wp\/v2\/tags?post=129535"}],"curies":[{"name":"wp","href":"https:\/\/api.w.org\/{rel}","templated":true}]}}