{"id":129537,"date":"2021-10-09T04:18:02","date_gmt":"2021-10-09T08:18:02","guid":{"rendered":"https:\/\/linitiative.ca\/International\/la-politique-en-vedette-dans-la-presse-senegalaise\/"},"modified":"2021-10-09T04:18:02","modified_gmt":"2021-10-09T08:18:02","slug":"la-politique-en-vedette-dans-la-presse-senegalaise","status":"publish","type":"post","link":"https:\/\/linitiative.ca\/International\/la-politique-en-vedette-dans-la-presse-senegalaise\/","title":{"rendered":"La politique en vedette dans la presse s\u00e9n\u00e9galaise"},"content":{"rendered":"<div>\n<p><img loading=\"lazy\" decoding=\"async\" width=\"250\" height=\"200\" src=\"https:\/\/linitiative.ca\/International\/wp-content\/uploads\/sites\/23\/2021\/10\/16337674827559.jpg\" class=\"attachment-post-thumbnail size-post-thumbnail wp-post-image\" alt=\"\"><\/p>\n<p>Les quotidiens s\u00e9n\u00e9galais re\u00e7us, ce samedi \u00e0 APA, mettent l&rsquo;accent sur l&rsquo;actualit\u00e9 politique aliment\u00e9e par divers sujets.\u00a0\u00bb\u00c9lections locales de janvier 2022 : Wallu S\u00e9n\u00e9gal sur sc\u00e8ne\u00a0\u00bb, titre Sud Quotidien.<\/p>\n<p>\u00ab\u00a0Lanc\u00e9e hier pour conqu\u00e9rir les collectivit\u00e9s locales le 23 janvier-Wallu S\u00e9n\u00e9gal l\u00e2che ses coups\u00a0\u00bb, rapporte 24 Heures, \u00e0 c\u00f4t\u00e9 de L&rsquo;info qui note que cette coalition du Parti d\u00e9mocratique s\u00e9n\u00e9galais (Pds, au pouvoir de 2000 \u00e0 2012) et ses alli\u00e9s \u00ab\u00a0prend son \u00e9lan\u00a0\u00bb avec \u00ab\u00a0une grande d\u00e9monstration de force\u00a0\u00bb lors de son lancement.<\/p>\n<p>Selon nos confr\u00e8res, \u00ab\u00a0Wallu s&rsquo;engage \u00e0 mettre fin aux souffrances du peuple s\u00e9n\u00e9galais et \u00e0 la gouvernance corrompue du r\u00e9gime\u00a0\u00bb.<\/p>\n<p>Pour Vox Populi, \u00ab\u00a0Wallu S\u00e9n\u00e9gal d\u00e9cline sa feuille de route\u00a0\u00bb consistant \u00e0 mettre en place des \u00e9quipes gagnantes aussi bien au niveau d\u00e9partemental que communal.<\/p>\n<p>Au m\u00eame moment, ce journal informe que le maire de la M\u00e9dina, \u00e0 Dakar, Bamba Fall quitte la coalition \u00ab\u00a0Yewwi Askan Wi\u00a0\u00bb dirig\u00e9e par Ousmane Sonko et Khalifa Sall.<\/p>\n<p>De son c\u00f4t\u00e9, Source A parle de \u00ab\u00a0grande recrue\u00a0\u00bb, informant que \u00ab\u00a0le Tigre de Fass (l&rsquo;ancien lutteur Tapha Gu\u00e8ye) soutient le ministre de la Sant\u00e9, Abdoulaye Diouf Sarr, candidat \u00e0 la mairie de Dakar\u00a0\u00bb.<\/p>\n<p>Mais pour L&rsquo;As, \u00ab\u00a0la bataille de Dakar aura lieu\u00a0\u00bb car, cette mairie de la capitale s\u00e9n\u00e9galaise est convoit\u00e9e par Abdoulaye Diouf Sarr, Mame Mbaye Niang et Amadou Ba, tous membres du pouvoir.<\/p>\n<p>Toutes choses qui poussent EnQu\u00eate \u00e0 titrer: \u00ab\u00a0Candidature \u00e0 la ville de Dakar: Mame Mbaye, en trouble-f\u00eate\u00a0\u00bb. Selon nos confr\u00e8res, l&rsquo;ancien ministre de la Jeunesse s&rsquo;est lanc\u00e9 dans la bataille sous la banni\u00e8re de S\u00e9n\u00e9gal 2035.<\/p>\n<p>\u00ab\u00a0Soham Wardini (maire de Dakar), l&rsquo;envie du pouvoir\u00a0\u00bb, titre L&rsquo;Observateur, qui donne le poids des adversaires et les forces et faiblesses d&rsquo;une candidature.<\/p>\n<p>\u00ab\u00a0\u00c9lections locales: Comment Macky compte neutraliser les rebelles (les contatestataires des investitures)\u00a0\u00bb, titre Walf Quotidien.<\/p>\n<p>Traitant de la mort en prison de l&rsquo;\u00e9migr\u00e9 Cheikh Niass, Les \u00c9chos informe que \u00ab\u00a0la police s\u00e9n\u00e9galaise est compl\u00e8tement blanchie\u00a0\u00bb car l&rsquo;autopsie conclut une \u00ab\u00a0mort naturelle \u00e0 la suite du Covid-19 avec une atteinte pulmonaire massive, sur terrain de diab\u00e8te d\u00e9compens\u00e9 avec acidoc\u00e9tose\u00a0\u00bb.<\/p>\n<p>\u00ab\u00a0Conclusions des m\u00e9decins l\u00e9gistes : Cheikh Niass victime du Covid et du diab\u00e8te\u00a0\u00bb, rench\u00e9rit Le Quotidien, soulignant que la th\u00e8se de la torture est \u00e9cart\u00e9e.<\/p>\n<p>L&rsquo;Observateur revient sur cette bataille rang\u00e9e \u00e0 la prison de Mback\u00e9 et fait \u00e9tat de 6 gardes p\u00e9nitentiaires bless\u00e9s dont 4 graves.<\/p>\n<p>\u00ab\u00a0Royaume Boubadioum Ayi d&rsquo;Oussouye : Au rythme du Houmeubeul (s\u00e9ance de lutte traditionnelle). Paix, coh\u00e9sion et concorde au c\u0153ur de l&rsquo;\u00e9dition de cette ann\u00e9e\u00a0\u00bb, \u00e9crit Le Soleil \u00e0 sa Une.<\/p>\n<p>Cet article <a rel=\"nofollow\" href=\"https:\/\/www.journalducameroun.com\/la-politique-en-vedette-dans-la-presse-senegalaise-2\/\">La politique en vedette dans la presse s\u00e9n\u00e9galaise<\/a> est apparu en premier sur <a rel=\"nofollow\" href=\"https:\/\/www.journalducameroun.com\/\">Journal du Cameroun<\/a>.<\/p>\n<\/div>\n<p>Auteur: APA News<br \/>\n<a href=\"https:\/\/www.journalducameroun.com\/la-politique-en-vedette-dans-la-presse-senegalaise-2\/\">Cliquez ici pour lire l&rsquo;article depuis sa source.<\/a><\/p>\n","protected":false},"excerpt":{"rendered":"<p>Les quotidiens s\u00e9n\u00e9galais re\u00e7us, ce samedi \u00e0 APA, mettent l&rsquo;accent sur l&rsquo;actualit\u00e9 politique aliment\u00e9e par divers sujets.\u00a0\u00bb\u00c9lections locales de janvier 2022 : Wallu S\u00e9n\u00e9gal sur sc\u00e8ne\u00a0\u00bb, titre Sud Quotidien. \u00ab\u00a0Lanc\u00e9e hier pour conqu\u00e9rir les collectivit\u00e9s locales le 23 janvier-Wallu S\u00e9n\u00e9gal l\u00e2che ses coups\u00a0\u00bb, rapporte 24 Heures, \u00e0 c\u00f4t\u00e9 de L&rsquo;info qui note que cette coalition [&hellip;]<\/p>\n","protected":false},"author":1965,"featured_media":0,"comment_status":"closed","ping_status":"closed","sticky":false,"template":"","format":"standard","meta":{"fifu_image_url":"https:\/\/www.journalducameroun.com\/wp-content\/uploads\/2021\/10\/16337674827559.jpg","fifu_image_alt":"La politique en vedette dans la presse s\u00e9n\u00e9galaise","footnotes":""},"categories":[73,82],"tags":[],"class_list":["post-129537","post","type-post","status-publish","format-standard","hentry","category-actualite","category-cameroun"],"_links":{"self":[{"href":"https:\/\/linitiative.ca\/International\/wp-json\/wp\/v2\/posts\/129537","targetHints":{"allow":["GET"]}}],"collection":[{"href":"https:\/\/linitiative.ca\/International\/wp-json\/wp\/v2\/posts"}],"about":[{"href":"https:\/\/linitiative.ca\/International\/wp-json\/wp\/v2\/types\/post"}],"author":[{"embeddable":true,"href":"https:\/\/linitiative.ca\/International\/wp-json\/wp\/v2\/users\/1965"}],"replies":[{"embeddable":true,"href":"https:\/\/linitiative.ca\/International\/wp-json\/wp\/v2\/comments?post=129537"}],"version-history":[{"count":0,"href":"https:\/\/linitiative.ca\/International\/wp-json\/wp\/v2\/posts\/129537\/revisions"}],"wp:attachment":[{"href":"https:\/\/linitiative.ca\/International\/wp-json\/wp\/v2\/media?parent=129537"}],"wp:term":[{"taxonomy":"category","embeddable":true,"href":"https:\/\/linitiative.ca\/International\/wp-json\/wp\/v2\/categories?post=129537"},{"taxonomy":"post_tag","embeddable":true,"href":"https:\/\/linitiative.ca\/International\/wp-json\/wp\/v2\/tags?post=129537"}],"curies":[{"name":"wp","href":"https:\/\/api.w.org\/{rel}","templated":true}]}}