{"id":129541,"date":"2021-10-09T11:18:01","date_gmt":"2021-10-09T15:18:01","guid":{"rendered":"https:\/\/linitiative.ca\/International\/sommet-afrique-france-restitution-de-26-oeuvres-dart-pillees-en-afrique\/"},"modified":"2021-10-09T11:18:01","modified_gmt":"2021-10-09T15:18:01","slug":"sommet-afrique-france-restitution-de-26-oeuvres-dart-pillees-en-afrique","status":"publish","type":"post","link":"https:\/\/linitiative.ca\/International\/sommet-afrique-france-restitution-de-26-oeuvres-dart-pillees-en-afrique\/","title":{"rendered":"Sommet Afrique-France:  restitution de 26 \u0153uvres d\u2019art pill\u00e9es en Afrique"},"content":{"rendered":"<div>\n<p><img loading=\"lazy\" decoding=\"async\" width=\"1242\" height=\"808\" src=\"https:\/\/linitiative.ca\/International\/wp-content\/uploads\/sites\/23\/2021\/10\/16337926822053.jpg\" class=\"attachment-post-thumbnail size-post-thumbnail wp-post-image\" alt=\"\" srcset=\"https:\/\/linitiative.ca\/International\/wp-content\/uploads\/sites\/23\/2021\/10\/16337926822053.jpg 1242w, https:\/\/www.journalducameroun.com\/wp-content\/uploads\/2021\/10\/16337926822053-300x195.jpg 300w, https:\/\/www.journalducameroun.com\/wp-content\/uploads\/2021\/10\/16337926822053-768x500.jpg 768w, https:\/\/www.journalducameroun.com\/wp-content\/uploads\/2021\/10\/16337926822053-1024x666.jpg 1024w, https:\/\/www.journalducameroun.com\/wp-content\/uploads\/2021\/10\/16337926822053-676x440.jpg 676w, https:\/\/www.journalducameroun.com\/wp-content\/uploads\/2021\/10\/16337926822053-600x390.jpg 600w\" sizes=\"auto, (max-width: 1242px) 100vw, 1242px\"><\/p>\n<p>La France restituera fin octobre des \u0153uvres d&rsquo;art pill\u00e9es au B\u00e9nin.Ces vingt-six (26) tr\u00e9sors\u00a0qui appartiennent au B\u00e9nin\u00a0sont expos\u00e9s\u00a0au mus\u00e9e du Quai Branly dans le 7e arrondissement de Paris. Cette mesure forte\u00a0qui\u00a0sera effective \u00e0 la fin du mois d&rsquo;octobre, sera suivie par d&rsquo;autres\u00a0restitutions d&rsquo;\u0153uvres d&rsquo;art \u00e0 la C\u00f4te d&rsquo;Ivoire et au S\u00e9n\u00e9gal avant de s&rsquo;\u00e9tendre aux autres pays africains.<\/p>\n<p>\u00ab\u00a0\u00c0 la fin octobre, on va rendre 26 tr\u00e9sors au B\u00e9nin\u00a0\u00bb dans une c\u00e9r\u00e9monie organis\u00e9e en pr\u00e9sence du pr\u00e9sident b\u00e9ninois Patrice Talon, a d\u00e9clar\u00e9 M. Macron au sommet Afrique-France qui se tient \u00e0 Montpellier<\/p>\n<p>Et de poursuivre: \u00ab\u00a0restituer des \u0153uvres \u00e0 l&rsquo;Afrique, c&rsquo;est rendre accessible \u00e0 la jeunesse africaine sa culture. Ces restitutions seront aussi la fiert\u00e9 de la France \u00bb, a d\u00e9clar\u00e9 le Pr\u00e9sident fran\u00e7ais.<\/p>\n<p>Cette annonce du chef de l&rsquo;Etat fran\u00e7ais s&rsquo;inscrit dans le cadre d&rsquo;un engagement pris en novembre 2018 a l&rsquo;Universit\u00e9 de Ouagadougou (Burkina Faso)\u00a0de restituer 26 oeuvres d&rsquo;art r\u00e9clam\u00e9es par le B\u00e9nin, provenant du \u00ab Tr\u00e9sor de B\u00e9hanzin \u00bb pill\u00e9 au palais d&rsquo;Abomey en 1892 pendant les guerres coloniales.<\/p>\n<p>Emmanuel Macron milite en retour pour la construction de mus\u00e9es en Afrique permettant la bonne conservation de ces tr\u00e9sors. C&rsquo;est seulement \u00e0 travers de telles d\u00e9cisions, que la jeunesse africaine pourra d\u00e9couvrir sa culture et aussi les cr\u00e9ations artistiques europ\u00e9ennes, tout en permettant aux jeunes Europ\u00e9ens de d\u00e9couvrir la culture africaine dit-il.<\/p>\n<p>Pour la premi\u00e8re fois depuis 1973, aucun chef d&rsquo;\u00c9tat africain n&rsquo;a \u00e9t\u00e9 convi\u00e9 au sommet Afrique-France qui se tient vendredi 8 octobre \u00e0 Montpellier (France). Le pr\u00e9sident fran\u00e7ais Emmanuel Macron a d\u00e9cid\u00e9 de\u00a0s&rsquo;adresser \u00e0 la jeunesse africaine plut\u00f4t qu&rsquo;aux pr\u00e9sidents africains.<\/p>\n<p>Cet article <a rel=\"nofollow\" href=\"https:\/\/www.journalducameroun.com\/sommet-afrique-france-restitution-de-26-oeuvres-dart-pillees-en-afrique\/\">Sommet Afrique-France:  restitution de 26 \u0153uvres d\u2019art pill\u00e9es en Afrique<\/a> est apparu en premier sur <a rel=\"nofollow\" href=\"https:\/\/www.journalducameroun.com\/\">Journal du Cameroun<\/a>.<\/p>\n<\/div>\n<p>Auteur: APA News<br \/>\n<a href=\"https:\/\/www.journalducameroun.com\/sommet-afrique-france-restitution-de-26-oeuvres-dart-pillees-en-afrique\/\">Cliquez ici pour lire l&rsquo;article depuis sa source.<\/a><\/p>\n","protected":false},"excerpt":{"rendered":"<p>La France restituera fin octobre des \u0153uvres d&rsquo;art pill\u00e9es au B\u00e9nin.Ces vingt-six (26) tr\u00e9sors\u00a0qui appartiennent au B\u00e9nin\u00a0sont expos\u00e9s\u00a0au mus\u00e9e du Quai Branly dans le 7e arrondissement de Paris. Cette mesure forte\u00a0qui\u00a0sera effective \u00e0 la fin du mois d&rsquo;octobre, sera suivie par d&rsquo;autres\u00a0restitutions d&rsquo;\u0153uvres d&rsquo;art \u00e0 la C\u00f4te d&rsquo;Ivoire et au S\u00e9n\u00e9gal avant de s&rsquo;\u00e9tendre aux [&hellip;]<\/p>\n","protected":false},"author":1965,"featured_media":0,"comment_status":"closed","ping_status":"closed","sticky":false,"template":"","format":"standard","meta":{"fifu_image_url":"https:\/\/www.journalducameroun.com\/wp-content\/uploads\/2021\/10\/16337926822053.jpg","fifu_image_alt":"Sommet Afrique-France:  restitution de 26 \u0153uvres d\u2019art pill\u00e9es en Afrique","footnotes":""},"categories":[73,82],"tags":[],"class_list":["post-129541","post","type-post","status-publish","format-standard","hentry","category-actualite","category-cameroun"],"_links":{"self":[{"href":"https:\/\/linitiative.ca\/International\/wp-json\/wp\/v2\/posts\/129541","targetHints":{"allow":["GET"]}}],"collection":[{"href":"https:\/\/linitiative.ca\/International\/wp-json\/wp\/v2\/posts"}],"about":[{"href":"https:\/\/linitiative.ca\/International\/wp-json\/wp\/v2\/types\/post"}],"author":[{"embeddable":true,"href":"https:\/\/linitiative.ca\/International\/wp-json\/wp\/v2\/users\/1965"}],"replies":[{"embeddable":true,"href":"https:\/\/linitiative.ca\/International\/wp-json\/wp\/v2\/comments?post=129541"}],"version-history":[{"count":0,"href":"https:\/\/linitiative.ca\/International\/wp-json\/wp\/v2\/posts\/129541\/revisions"}],"wp:attachment":[{"href":"https:\/\/linitiative.ca\/International\/wp-json\/wp\/v2\/media?parent=129541"}],"wp:term":[{"taxonomy":"category","embeddable":true,"href":"https:\/\/linitiative.ca\/International\/wp-json\/wp\/v2\/categories?post=129541"},{"taxonomy":"post_tag","embeddable":true,"href":"https:\/\/linitiative.ca\/International\/wp-json\/wp\/v2\/tags?post=129541"}],"curies":[{"name":"wp","href":"https:\/\/api.w.org\/{rel}","templated":true}]}}