{"id":129543,"date":"2021-10-09T11:06:54","date_gmt":"2021-10-09T15:06:54","guid":{"rendered":"https:\/\/linitiative.ca\/International\/qui-est-nicolas-pichou-nouveau-dg-de-societe-generale-cameroun\/"},"modified":"2021-10-09T11:06:54","modified_gmt":"2021-10-09T15:06:54","slug":"qui-est-nicolas-pichou-nouveau-dg-de-societe-generale-cameroun","status":"publish","type":"post","link":"https:\/\/linitiative.ca\/International\/qui-est-nicolas-pichou-nouveau-dg-de-societe-generale-cameroun\/","title":{"rendered":"Qui est Nicolas Pichou, nouveau Dg de Soci\u00e9t\u00e9 G\u00e9n\u00e9rale Cameroun ?"},"content":{"rendered":"<div>\n<p>Depuis le 01<sup>er<\/sup>\u00a0septembre 2021, la banque fran\u00e7aise a un nouveau Directeur g\u00e9n\u00e9ral. Il s\u2019agit du fran\u00e7ais Nicolas Pichou. Il remplace d\u00e9sormais \u00e0 ce poste la\u00a0<strong><a href=\"https:\/\/ecomatin.net\/le-camerounais-georges-wega-et-mareme-mbaye-ndiaye-promuss-au-seinn-du-groupe-societe-generale\/\">S\u00e9n\u00e9galaise Mar\u00e8me\u00a0Mbaye Ndiaye, promue le 30 juin dernier au poste de\u00a0\u00a0directrice de la r\u00e9gion Afrique Centrale et de l\u2019Est\u00a0du groupe fran\u00e7ais<\/a><\/strong>. Elle qui aura pass\u00e9 pr\u00e8s de trois ans \u00e0 la t\u00eate de Soci\u00e9t\u00e9 G\u00e9n\u00e9rale Cameroun. Qui est\u00a0 Nicolas\u00a0Pichou\u00a0?\u00a0Quel est son parcours?\u00a0Quelles\u00a0\u00a0seront ses d\u00e9fis \u00e0 la t\u00eate de la banque?\u00a0r\u00e9trospective sur la trajectoire de ce manager qui allie bien le triptyque travail, discr\u00e9tion et efficacit\u00e9.<\/p>\n<p><strong>Lire aussi<\/strong> : <strong><a href=\"https:\/\/ecomatin.net\/rse-societe-generale-cameroun-offre-3-millions-de-f-a-deux-groupements-de-jeuness\/\">RSE : Soci\u00e9t\u00e9 G\u00e9n\u00e9rale Cameroun offre 3 millions de F dans le cadre de son Charity Challenge 2021<\/a><\/strong><\/p>\n<p>N\u00e9 en 1980 en r\u00e9gion\u00a0parisienne, Nicolas\u00a0Pichou d\u00e9but son histoire avec Soci\u00e9t\u00e9 G\u00e9n\u00e9rale en 2006 \u00e0 Paris, alors qu\u2019il est fra\u00eechement dipl\u00f4m\u00e9. Il fera ses premiers pas au sein de cette institution bancaire en qualit\u00e9 d\u2019inspecteur. Pendant plus de sept ans, il est responsable de plusieurs missions au sein des filiales du groupe telles que : Sgcib (Soci\u00e9t\u00e9 G\u00e9n\u00e9rale Corporate &amp; Investment Banking),Cr\u00e9dit du Nord,\u00a0DSF(D\u00e9claration Statistique et Fiscale) etc. Ses domaines de sp\u00e9cialisation sont alors :\u00a0organisation,\u00a0l\u2019analyse\u00a0de cr\u00e9dit d\u2019entreprise, coop\u00e9ration avec\u00a0CIB, d\u00e9ploiement international, cr\u00e9dit \u00e0 la consommation, couverture des multinationales, gestion d\u2019actifs,\u00a0march\u00e9s d\u2019actions, entre autres.<\/p>\n<p><strong>Lire aussi<\/strong> : <strong><a href=\"https:\/\/ecomatin.net\/droits-sociauxx-societe-generale-cameroun-n-sommee-de-negocier-avec-ses-ex-employes\/\">Droits sociaux: Soci\u00e9t\u00e9 g\u00e9n\u00e9rale Cameroun somm\u00e9e de n\u00e9gocier avec ses ex-employ\u00e9s<\/a><\/strong><\/p>\n<p>En septembre 2013, c\u2019est un tout autre d\u00e9fi qui attend le Parisien. Il\u00a0quitte sa terre natale pour Accra au\u00a0Ghana. Gr\u00e2ce \u00e0 une promotion. Il passera deux ans 8 mois\u00a0\u00a0en qualit\u00e9 de responsable\u00a0du d\u00e9veloppement commercial de la filiale Ghan\u00e9en\u00a0\u00a0de Soci\u00e9t\u00e9 G\u00e9n\u00e9rale.\u00a0Durant cette p\u00e9riode, il sera responsable du d\u00e9veloppement de l\u2019affacturage et du leasing.\u00a0Il s\u2019occupera \u00e9galement de la gestion de la tr\u00e9sorerie, supervisera les relations avec les multinationales et \u00e9laborera de nouveaux produits pour la banque d\u2019affaires. On notera aussi son passage de\u00a0\u00a0mai 2016 en d\u00e9cembre 2018 \u00e0 Dakar au S\u00e9n\u00e9gal en tant que Directeur Commercial Entreprises.<\/p>\n<p><strong>Lire aussi<\/strong> : <strong><a href=\"https:\/\/ecomatin.net\/le-camerounais-georges-wega-et-mareme-mbaye-ndiaye-promuss-au-seinn-du-groupe-societe-generale\/\">Le Camerounais Georges Wega et Mar\u00e8me Mbaye Ndiaye promus au sein du groupe Soci\u00e9t\u00e9 G\u00e9n\u00e9rale<\/a><\/strong><\/p>\n<p>\u00a0L\u2019ann\u00e9e 2019, marquera un tournant d\u00e9cisif pour le banquier. Durant cette ann\u00e9e, il d\u00e9croche une promotion qui le conduit au Cameroun. O\u00f9 il occupait jusqu\u2019\u00e0 sa nomination, le poste de Directeur g\u00e9n\u00e9ral adjoint au sein de la filiale Camerounaise de la banque. Une concr\u00e9tisation dont pour le Fran\u00e7ais qui h\u00e9rite d\u2019une banque en pleine mutation orient\u00e9e vers la digitalisation des services bancaires. En 2019, le magazine am\u00e9ricain Global Finance (GF) a class\u00e9 la SGC comme meilleure banque du Cameroun pour la troisi\u00e8me fois cons\u00e9cutive, \u00e0 l\u2019issue de son 27\u00e8me classement des meilleures banques du monde par r\u00e9gions. Concernant les Sp\u00e9cialistes en valeurs du tr\u00e9sor pour l\u2019exercice budg\u00e9taire 2020, la SGC a remport\u00e9 le premier prix d\u00e9cern\u00e9 par le minist\u00e8re des Finances, avec 127 milliards de FCFA de valeurs de souscriptions. D\u00e9tr\u00f4nant Ecobank Cameroun de la t\u00eate de ce classement. En 2020, la banque annonce avoir accord\u00e9e 802 milliards de FCFA de cr\u00e9dits aux agents \u00e9conomiques, m\u00eame si ce montant est l\u00e9g\u00e8rement en baisse par rapport aux 816 milliards de 2019. L\u2019un des d\u00e9fis majeurs de Nicolas Pichou, sera tr\u00e8s certainement de maintenir le cap de la banque sinon d\u2019aller au-del\u00e0 des r\u00e9alisations de son pr\u00e9d\u00e9cesseur.<\/p>\n<p><strong>Lire aussi<\/strong> : <strong><a href=\"https:\/\/ecomatin.net\/societe-generale-cameroun-a-accorde-802-milliards-s-de-credits-en-2020\/\">Soci\u00e9t\u00e9 g\u00e9n\u00e9rale Cameroun a accord\u00e9 802 milliards de cr\u00e9dits en 2020<\/a><\/strong><\/p>\n<p>L\u2019article <a rel=\"nofollow\" href=\"https:\/\/ecomatin.net\/qui-estt-nicolas-pichou-nouveau-dg-de-societe-generale-cameroun\/\">Qui est Nicolas Pichou, nouveau Dg de Soci\u00e9t\u00e9 G\u00e9n\u00e9rale Cameroun ?<\/a> est apparu en premier sur <a rel=\"nofollow\" href=\"https:\/\/ecomatin.net\/\">EcoMatin<\/a>.<\/p>\n<\/div>\n<p>Auteur: Amina MALLOUM<br \/>\n<a href=\"https:\/\/ecomatin.net\/qui-estt-nicolas-pichou-nouveau-dg-de-societe-generale-cameroun\/\">Cliquez ici pour lire l&rsquo;article depuis sa source.<\/a><\/p>\n","protected":false},"excerpt":{"rendered":"<p>Depuis le 01er\u00a0septembre 2021, la banque fran\u00e7aise a un nouveau Directeur g\u00e9n\u00e9ral. Il s\u2019agit du fran\u00e7ais Nicolas Pichou. Il remplace d\u00e9sormais \u00e0 ce poste la\u00a0S\u00e9n\u00e9galaise Mar\u00e8me\u00a0Mbaye Ndiaye, promue le 30 juin dernier au poste de\u00a0\u00a0directrice de la r\u00e9gion Afrique Centrale et de l\u2019Est\u00a0du groupe fran\u00e7ais. Elle qui aura pass\u00e9 pr\u00e8s de trois ans \u00e0 la [&hellip;]<\/p>\n","protected":false},"author":1969,"featured_media":0,"comment_status":"closed","ping_status":"closed","sticky":false,"template":"","format":"standard","meta":{"fifu_image_url":"","fifu_image_alt":"","footnotes":""},"categories":[82,78],"tags":[],"class_list":["post-129543","post","type-post","status-publish","format-standard","hentry","category-cameroun","category-economie"],"_links":{"self":[{"href":"https:\/\/linitiative.ca\/International\/wp-json\/wp\/v2\/posts\/129543","targetHints":{"allow":["GET"]}}],"collection":[{"href":"https:\/\/linitiative.ca\/International\/wp-json\/wp\/v2\/posts"}],"about":[{"href":"https:\/\/linitiative.ca\/International\/wp-json\/wp\/v2\/types\/post"}],"author":[{"embeddable":true,"href":"https:\/\/linitiative.ca\/International\/wp-json\/wp\/v2\/users\/1969"}],"replies":[{"embeddable":true,"href":"https:\/\/linitiative.ca\/International\/wp-json\/wp\/v2\/comments?post=129543"}],"version-history":[{"count":0,"href":"https:\/\/linitiative.ca\/International\/wp-json\/wp\/v2\/posts\/129543\/revisions"}],"wp:attachment":[{"href":"https:\/\/linitiative.ca\/International\/wp-json\/wp\/v2\/media?parent=129543"}],"wp:term":[{"taxonomy":"category","embeddable":true,"href":"https:\/\/linitiative.ca\/International\/wp-json\/wp\/v2\/categories?post=129543"},{"taxonomy":"post_tag","embeddable":true,"href":"https:\/\/linitiative.ca\/International\/wp-json\/wp\/v2\/tags?post=129543"}],"curies":[{"name":"wp","href":"https:\/\/api.w.org\/{rel}","templated":true}]}}