{"id":129544,"date":"2021-10-09T11:11:52","date_gmt":"2021-10-09T15:11:52","guid":{"rendered":"https:\/\/linitiative.ca\/International\/chambre-dagriculture-70-seigneurs-de-la-terre-mordent-la-poussiere\/"},"modified":"2021-10-09T11:11:52","modified_gmt":"2021-10-09T15:11:52","slug":"chambre-dagriculture-70-seigneurs-de-la-terre-mordent-la-poussiere","status":"publish","type":"post","link":"https:\/\/linitiative.ca\/International\/chambre-dagriculture-70-seigneurs-de-la-terre-mordent-la-poussiere\/","title":{"rendered":"Chambre d\u2019agriculture : 70 seigneurs de la terre mordent la poussi\u00e8re"},"content":{"rendered":"<div>\n<p>Le monde rural accueille ses nouveaux repr\u00e9sentants ce 7 octobre 2021. Les 100 nouveaux membres et repr\u00e9sentants des organes coll\u00e9giaux de la Chambre d\u2019agriculture, des p\u00eaches, de l\u2019\u00e9levage et des for\u00eats du Cameroun (Capef) ont \u00e9t\u00e9 install\u00e9s dans leurs fonctions le 7 octobre, par le ministre de l\u2019Agriculture et du d\u00e9veloppement rural (Minader), Gabriel Mba\u00efrobe. Tel marquera l\u2019\u00e9pilogue d\u2019un processus qui a commenc\u00e9 en 2016 avec le d\u00e9cret du 13 avril 2016 portant r\u00e9organisation de la Chambre qui a r\u00e9duit de moiti\u00e9 (de 200 \u00e0 100) le nombre de membres r\u00e9partis entre Agriculture : 44 si\u00e8ges ; Elevage : 22 si\u00e8ges ; P\u00eaches : 12 si\u00e8ges ; For\u00eats et Faune : 22 si\u00e8ges.<\/p>\n<p><strong>Lire aussi <\/strong>: <strong><a href=\"https:\/\/ecomatin.net\/chambre-dagriculture-les-elections-s-auront-lieu-le-12-septembre\/\">Chambre d\u2019agriculture : les \u00e9lections auront lieu le 12 septembre<\/a><\/strong><\/p>\n<p>Pour\u00a0<strong><a href=\"https:\/\/ecomatin.net\/chambre-dagriculture-les-elections-s-auront-lieu-le-12-septembre\/\">le scrutin qui a eu lieu le 12 septembre 2021<\/a><\/strong>, la commission \u00e9lectorale a valid\u00e9 17 listes (de 10 candidats) dont 01 pour la r\u00e9gion de l\u2019Adamaoua conduite par Abba Dahirou ; 03 pour le Centre conduites par Bernard Tcheg, Claire Solange Zame et Dr Mahila; 01 pour l\u2019Est conduite par Ingrid Tsebong; 03 pour l\u2019Extr\u00eame-Nord conduites par messieurs Foula, Djadjil et Soua\u00efbou; 02 pour le Littoral conduites par Pierre Epouner et Gilbert Kanogo; 03 pour le Nord conduites par Dr Erayavai Bouba Francoise, Moussa Koue et Adamou Baba Garoua; 01 pour le Nord-Ouest conduite par Baba Houseni; 01 pour l\u2019Ouest conduite par Poueffo Elisabeth; 01 pour le Sud conduite par Marie Ekombo Mendogo \u00e9pse Ndjemba; et 01 pour le Sud-ouest conduite par Ndedi Bau Akama. Dans le r\u00f4le de l\u2019arbitre, 270 691 \u00e9lecteurs r\u00e9partis entre l\u2019Agriculture (90,5%), l\u2019\u00e9levage (8,5%), la p\u00eache (0,8%) et la for\u00eat et faune (0,3%).<\/p>\n<p><strong>Lire aussi<\/strong> : <strong><a href=\"https:\/\/ecomatin.net\/capef\/\">Martin Paul Mindjos a pris fonction \u00e0 la t\u00eate de la Capef<\/a><\/strong><\/p>\n<p>L\u2019exp\u00e9rience n\u2019a pas \u00e9t\u00e9 concluante pour 70 candidats. Il s\u2019agit des listes conduites par Claire Solange Zame et Dr Mahila dans la r\u00e9gion du Centre; Djadjil et Soua\u00efbou pour la r\u00e9gion de l\u2019Extr\u00eame-Nord; Gilbert Konago dans le Littoral; Moussa Koue et Adamou Baba Garoua dans le Nord. Un clin d\u2019\u0153il sur les profils des uns et des autres permet de se rendre compte qu\u2019ils n\u2019ont certainement pas d\u00e9m\u00e9rit\u00e9. Il s\u2019agit d\u2019entrepreneurs agropastoraux avec de solides r\u00e9f\u00e9rences en la mati\u00e8re. Le plus illustre d\u2019entre eux \u00e9tant probablement Moussa Koue.<\/p>\n<p><strong>Agriculture familiale<\/strong><\/p>\n<p>Avant l\u2019\u00e9chec du 12 septembre dernier, Moussa Koue a \u00e9t\u00e9 premier vice-pr\u00e9sident du bureau ex\u00e9cutif sortant de la Capef. Position \u00e0 partir de laquelle il a assur\u00e9 l\u2019int\u00e9rim \u00e0 la t\u00eate de l\u2019institution pendant pr\u00e8s de deux ans, entre novembre 2018 et mai 2020. Par ailleurs, il est pr\u00e9sident de la Coop\u00e9rative des producteurs d\u2019oignon du Nord Cameroun; pr\u00e9sident de la Plateforme des organisations agro sylvo pastorales et halieutiques du Nord. Autre candidat malheureux de la r\u00e9gion du Nord, Adamou Baba Garoua a \u00e9t\u00e9 pr\u00e9c\u00e9demment secr\u00e9taire g\u00e9n\u00e9ral de la communaut\u00e9 urbaine de Garoua et d\u00e9l\u00e9gu\u00e9 provincial de l\u2019industrie, des mines et du D\u00e9veloppement technologique du Nord. Il en est de ces deux infortun\u00e9s comme des cinq autres t\u00eates de listes et leurs membres.<\/p>\n<p><strong>Lire aussi <\/strong>: <strong><a href=\"https:\/\/ecomatin.net\/martin-paul-mindjos-nomme-president-de-la-chambre-dagriculture\/\">Martin Paul Mindjos nomm\u00e9 Pr\u00e9sident de la chambre d\u2019Agriculture<\/a><\/strong><\/p>\n<p>Mais les plus \u00e0 plaindre sont sans doute les petits producteurs. Bien qu\u2019ils assurent 90% de la production vivri\u00e8re nationale, les petits producteurs n\u2019ont pas vraiment eu voix au chapitre. Par rapport aux pr\u00e9c\u00e9dentes mandatures, les conditions d\u2019\u00e9ligibilit\u00e9 ont \u00e9t\u00e9 durcies. De 0,5 hectare par le pass\u00e9, le candidat dans la section \u201cAgriculture\u201d devait cette fois justifier de l\u2019exploitation d\u2019au moins 01 hectare. \u201cCe qui a eu pour cons\u00e9quence d\u2019emp\u00eacher de postuler \u00e0 la grande population qui fait dans l\u2019agriculture de subsistance dont les surfaces cultiv\u00e9es sont g\u00e9n\u00e9ralement inf\u00e9rieures \u00e0 01 hectare\u201d, reconna\u00eet le Minader. \u201cCeci est d\u00fb au fait que le pr\u00e9sident Paul Biya appelle de tous ses v\u0153ux l\u2019agriculture de seconde g\u00e9n\u00e9ration, qui est une agriculture professionnelle et nous avons voulu que les candidats correspondent le plus \u00e0 ce profil\u201d, explique Gabriel Mba\u00efrobe.<\/p>\n<p><strong>Lire aussi<\/strong> : <strong><a href=\"https:\/\/ecomatin.net\/joseph-roland-matta-le-president-de-la-chambre-dagriculture-est-decede\/\">Joseph Roland Matta, le pr\u00e9sident de la chambre d\u2019Agriculture, est d\u00e9c\u00e9d\u00e9<\/a><\/strong><\/p>\n<p>L\u2019article <a rel=\"nofollow\" href=\"https:\/\/ecomatin.net\/chambre-dagriculture-70-seigneurs-s-de-la-terre-mordent-la-poussiere\/\">Chambre d\u2019agriculture : 70 seigneurs de la terre mordent la poussi\u00e8re<\/a> est apparu en premier sur <a rel=\"nofollow\" href=\"https:\/\/ecomatin.net\/\">EcoMatin<\/a>.<\/p>\n<\/div>\n<p>Auteur: Philipe NSOA<br \/>\n<a href=\"https:\/\/ecomatin.net\/chambre-dagriculture-70-seigneurs-s-de-la-terre-mordent-la-poussiere\/\">Cliquez ici pour lire l&rsquo;article depuis sa source.<\/a><\/p>\n","protected":false},"excerpt":{"rendered":"<p>Le monde rural accueille ses nouveaux repr\u00e9sentants ce 7 octobre 2021. Les 100 nouveaux membres et repr\u00e9sentants des organes coll\u00e9giaux de la Chambre d\u2019agriculture, des p\u00eaches, de l\u2019\u00e9levage et des for\u00eats du Cameroun (Capef) ont \u00e9t\u00e9 install\u00e9s dans leurs fonctions le 7 octobre, par le ministre de l\u2019Agriculture et du d\u00e9veloppement rural (Minader), Gabriel Mba\u00efrobe. [&hellip;]<\/p>\n","protected":false},"author":1969,"featured_media":0,"comment_status":"closed","ping_status":"closed","sticky":false,"template":"","format":"standard","meta":{"fifu_image_url":"","fifu_image_alt":"","footnotes":""},"categories":[82,78],"tags":[],"class_list":["post-129544","post","type-post","status-publish","format-standard","hentry","category-cameroun","category-economie"],"_links":{"self":[{"href":"https:\/\/linitiative.ca\/International\/wp-json\/wp\/v2\/posts\/129544","targetHints":{"allow":["GET"]}}],"collection":[{"href":"https:\/\/linitiative.ca\/International\/wp-json\/wp\/v2\/posts"}],"about":[{"href":"https:\/\/linitiative.ca\/International\/wp-json\/wp\/v2\/types\/post"}],"author":[{"embeddable":true,"href":"https:\/\/linitiative.ca\/International\/wp-json\/wp\/v2\/users\/1969"}],"replies":[{"embeddable":true,"href":"https:\/\/linitiative.ca\/International\/wp-json\/wp\/v2\/comments?post=129544"}],"version-history":[{"count":0,"href":"https:\/\/linitiative.ca\/International\/wp-json\/wp\/v2\/posts\/129544\/revisions"}],"wp:attachment":[{"href":"https:\/\/linitiative.ca\/International\/wp-json\/wp\/v2\/media?parent=129544"}],"wp:term":[{"taxonomy":"category","embeddable":true,"href":"https:\/\/linitiative.ca\/International\/wp-json\/wp\/v2\/categories?post=129544"},{"taxonomy":"post_tag","embeddable":true,"href":"https:\/\/linitiative.ca\/International\/wp-json\/wp\/v2\/tags?post=129544"}],"curies":[{"name":"wp","href":"https:\/\/api.w.org\/{rel}","templated":true}]}}