{"id":129545,"date":"2021-10-09T15:48:20","date_gmt":"2021-10-09T19:48:20","guid":{"rendered":"https:\/\/linitiative.ca\/International\/talbi-alami-devant-les-deputes-la-11eme-legislature-ouvre-la-voie-a-une-nouvelle-etape-dedification-democratique-et-de-consolidation-des-institutions\/"},"modified":"2021-10-09T15:48:20","modified_gmt":"2021-10-09T19:48:20","slug":"talbi-alami-devant-les-deputes-la-11eme-legislature-ouvre-la-voie-a-une-nouvelle-etape-dedification-democratique-et-de-consolidation-des-institutions","status":"publish","type":"post","link":"https:\/\/linitiative.ca\/International\/talbi-alami-devant-les-deputes-la-11eme-legislature-ouvre-la-voie-a-une-nouvelle-etape-dedification-democratique-et-de-consolidation-des-institutions\/","title":{"rendered":"Talbi Alami devant les d\u00e9put\u00e9s : La 11\u00e8me l\u00e9gislature ouvre la voie \u00e0 une nouvelle \u00e9tape d\u2019\u00e9dification d\u00e9mocratique et de consolidation des institutions"},"content":{"rendered":"<div>\n<p><img decoding=\"async\" width=\"300\" height=\"153\" src=\"https:\/\/linitiative.ca\/International\/wp-content\/uploads\/sites\/23\/2021\/10\/Talbi-Alami-300x153-1.jpg\" class=\"attachment-medium size-medium wp-post-image\" alt=\"\" loading=\"lazy\" srcset=\"https:\/\/linitiative.ca\/International\/wp-content\/uploads\/sites\/23\/2021\/10\/Talbi-Alami-300x153-1.jpg 300w, https:\/\/aujourdhui.ma\/wp-content\/uploads\/2021\/10\/Talbi-Alami-274x140.jpg 274w, https:\/\/aujourdhui.ma\/wp-content\/uploads\/2021\/10\/Talbi-Alami.jpg 746w, https:\/\/aujourdhui.ma\/wp-content\/uploads\/2021\/10\/Talbi-Alami-165x84.jpg 165w, https:\/\/aujourdhui.ma\/wp-content\/uploads\/2021\/10\/Talbi-Alami-702x358.jpg 702w\" sizes=\"auto, (max-width: 300px) 100vw, 300px\"><\/p>\n<p><strong>La 11\u00e8me l\u00e9gislature (2021-2026) ouvre la voie \u00e0 une nouvelle \u00e9tape d\u2019\u00e9dification d\u00e9mocratique et de consolidation des institutions, a affirm\u00e9, samedi, le nouveau pr\u00e9sident de la Chambre des repr\u00e9sentants, Rachid Talbi Alami.<\/strong><span id=\"more-388654\"><\/span><\/p>\n<p>Cette l\u00e9gislature inaugure une nouvelle \u00e9tape pour poursuivre la r\u00e9alisation du d\u00e9veloppement du Royaume qui s\u2019impose en tant que pays \u00e9mergent et mod\u00e8le singulier dans son environnement sous la conduite \u00e9clair\u00e9e de SM le Roi Mohammed VI, a soulign\u00e9 M. Talbi Alami dans une allocution \u00e0 l\u2019occasion de son \u00e9lection \u00e0 la pr\u00e9sidence de la premi\u00e8re Chambre, relevant que le Souverain m\u00e8ne le Maroc avec sagesse et clairvoyance pour le positionner parmi les pays d\u00e9mocratiques et d\u00e9velopp\u00e9s, jouissant de la prosp\u00e9rit\u00e9 et de la justice sociale et territoriale.<\/p>\n<p>Le scrutin du 8 septembre a constitu\u00e9 une \u00e9tape d\u00e9cisive dans l\u2019histoire du Maroc sur les plans politique et institutionnel, en ce sens qu\u2019il a permis l\u2019\u00e9mergence de nouvelles majorit\u00e9 et opposition, de m\u00eame qu\u2019il a facilit\u00e9 l\u2019entr\u00e9e de nouvelles \u00e9lites aux institutions \u00e9lues et \u00e0 leur t\u00eate la Chambre des repr\u00e9sentants, a-t-il dit, mettant en avant le souci de SM le Roi \u00e0 veiller \u00e0 la tenue de mani\u00e8re r\u00e9guli\u00e8re des \u00e9ch\u00e9ances \u00e9lectorales et au renouvellement des institutions en total respect de la Constitution et de la d\u00e9mocratie.<\/p>\n<p>M. Talbi Alami s\u2019est dit convaincu que cette volont\u00e9 royale de veiller au bon fonctionnement des institutions constitutionnelles et de pr\u00e9server le choix d\u00e9mocratique est un catalyseur qui insufflera une nouvelle dynamique pour la poursuite de la mobilisation derri\u00e8re SM le Roi pour relever les d\u00e9fis internes et externes auxquels fait face le Royaume et gagner les enjeux de la nouvelle \u00e9tape.<\/p>\n<p>Il a, par ailleurs, \u00e9voqu\u00e9 les lourdes t\u00e2ches et les grandes responsabilit\u00e9s \u00e0 assumer par les d\u00e9put\u00e9s suite aux \u00e9lections du 8 septembre, relevant que la Chambre est appel\u00e9e \u00e0 traduire dans les faits les Hautes Orientations contenues dans le discours adress\u00e9, vendredi, par le Souverain au parlement et \u00e0 se pencher sur les priorit\u00e9s trac\u00e9es par SM le Roi, dont la s\u00e9curit\u00e9 strat\u00e9gique, notamment alimentaire.<\/p>\n<p>La Chambre des repr\u00e9sentants est appel\u00e9e aussi \u00e0 exercer ses attributions constitutionnelles en mati\u00e8re de l\u00e9gislation, de contr\u00f4le de l\u2019action gouvernementale et d\u2019\u00e9valuation des politiques publiques, outre la diplomatie parlementaire pour r\u00e9pondre aux aspirations des citoyens et consolider l\u2019\u00c9tat des institutions.<\/p>\n<p>Il a \u00e9galement fait observer que la 1\u00e8re Chambre doit exercer ses attributions, tout en ayant \u00e0 l\u2019esprit l\u2019op\u00e9rationnalisation du nouveau mod\u00e8le de d\u00e9veloppement plac\u00e9 par SM le Roi parmi les priorit\u00e9s nationales de l\u2019actuelle \u00e9tape.<\/p>\n<p>Dans le domaine des relations internationales et de la diplomatie parlementaire, M. Talbi Alami a insist\u00e9 sur la n\u00e9cessit\u00e9 de capitaliser sur les acquis de plusieurs d\u00e9cennies pour consacrer la forte pr\u00e9sence de cette diplomatie dans les fora parlementaires multilat\u00e9raux et son r\u00f4le dans l\u2019accompagnement de la diplomatie royale.<\/p>\n<p>Il a, dans ce sens, relev\u00e9 que la question de l\u2019int\u00e9grit\u00e9 territoriale demeure une priorit\u00e9 pour la diplomatie de la Chambre des repr\u00e9sentants, appuy\u00e9e en cela par la vision royale et les r\u00e9alisations engrang\u00e9es dans les diff\u00e9rents espaces g\u00e9opolitiques, notamment en Afrique.<\/p>\n<\/div>\n<p>Auteur: ALM<br \/>\n<a href=\"https:\/\/aujourdhui.ma\/politique\/talbi-alami-devant-les-deputes-la-11eme-legislature-ouvre-la-voie-a-une-nouvelle-etape-dedification-democratique-et-de-consolidation-des-institutions\">Cliquez ici pour lire l&rsquo;article depuis sa source.<\/a><\/p>\n","protected":false},"excerpt":{"rendered":"<p>La 11\u00e8me l\u00e9gislature (2021-2026) ouvre la voie \u00e0 une nouvelle \u00e9tape d\u2019\u00e9dification d\u00e9mocratique et de consolidation des institutions, a affirm\u00e9, samedi, le nouveau pr\u00e9sident de la Chambre des repr\u00e9sentants, Rachid Talbi Alami. Cette l\u00e9gislature inaugure une nouvelle \u00e9tape pour poursuivre la r\u00e9alisation du d\u00e9veloppement du Royaume qui s\u2019impose en tant que pays \u00e9mergent et mod\u00e8le [&hellip;]<\/p>\n","protected":false},"author":1759,"featured_media":0,"comment_status":"closed","ping_status":"closed","sticky":false,"template":"","format":"standard","meta":{"fifu_image_url":"https:\/\/aujourdhui.ma\/wp-content\/uploads\/2021\/10\/Talbi-Alami-300x153.jpg","fifu_image_alt":"Talbi Alami devant les d\u00e9put\u00e9s : La 11\u00e8me l\u00e9gislature ouvre la voie \u00e0 une nouvelle \u00e9tape d\u2019\u00e9dification d\u00e9mocratique et de consolidation des institutions","footnotes":""},"categories":[73,54],"tags":[],"class_list":["post-129545","post","type-post","status-publish","format-standard","hentry","category-actualite","category-maroc"],"_links":{"self":[{"href":"https:\/\/linitiative.ca\/International\/wp-json\/wp\/v2\/posts\/129545","targetHints":{"allow":["GET"]}}],"collection":[{"href":"https:\/\/linitiative.ca\/International\/wp-json\/wp\/v2\/posts"}],"about":[{"href":"https:\/\/linitiative.ca\/International\/wp-json\/wp\/v2\/types\/post"}],"author":[{"embeddable":true,"href":"https:\/\/linitiative.ca\/International\/wp-json\/wp\/v2\/users\/1759"}],"replies":[{"embeddable":true,"href":"https:\/\/linitiative.ca\/International\/wp-json\/wp\/v2\/comments?post=129545"}],"version-history":[{"count":0,"href":"https:\/\/linitiative.ca\/International\/wp-json\/wp\/v2\/posts\/129545\/revisions"}],"wp:attachment":[{"href":"https:\/\/linitiative.ca\/International\/wp-json\/wp\/v2\/media?parent=129545"}],"wp:term":[{"taxonomy":"category","embeddable":true,"href":"https:\/\/linitiative.ca\/International\/wp-json\/wp\/v2\/categories?post=129545"},{"taxonomy":"post_tag","embeddable":true,"href":"https:\/\/linitiative.ca\/International\/wp-json\/wp\/v2\/tags?post=129545"}],"curies":[{"name":"wp","href":"https:\/\/api.w.org\/{rel}","templated":true}]}}