{"id":129553,"date":"2021-10-09T18:47:52","date_gmt":"2021-10-09T22:47:52","guid":{"rendered":"https:\/\/linitiative.ca\/International\/les-chantiers-de-developpement-un-levier-pour-la-justice-sociale\/"},"modified":"2021-10-09T18:47:52","modified_gmt":"2021-10-09T22:47:52","slug":"les-chantiers-de-developpement-un-levier-pour-la-justice-sociale","status":"publish","type":"post","link":"https:\/\/linitiative.ca\/International\/les-chantiers-de-developpement-un-levier-pour-la-justice-sociale\/","title":{"rendered":"Les chantiers de d\u00e9veloppement, un levier pour la justice sociale"},"content":{"rendered":"<div>\n<div style=\"margin-bottom:20px;\"><img loading=\"lazy\" decoding=\"async\" width=\"750\" height=\"430\" src=\"https:\/\/linitiative.ca\/International\/wp-content\/uploads\/sites\/23\/2021\/10\/ordre-des-comptables-copier.jpg\" class=\"attachment-post-thumbnail size-post-thumbnail wp-post-image\" alt=\"\" srcset=\"https:\/\/linitiative.ca\/International\/wp-content\/uploads\/sites\/23\/2021\/10\/ordre-des-comptables-copier.jpg 750w, http:\/\/www.mapmarrakech.ma\/map\/uploads\/2021\/10\/ordre-des-comptables-copier-300x172.jpg 300w\" sizes=\"auto, (max-width: 750px) 100vw, 750px\"><\/div>\n<p>Dans une allocution \u00e0 l\u2019ouverture de l\u2019Universit\u00e9 d\u2019\u00e9t\u00e9 de l\u2019ONCP, initi\u00e9e par ledit Ordre et le forum des chercheurs du minist\u00e8re, sous le th\u00e8me \u00ab\u00a0La justice fiscale, un levier essentiel du nouveau mod\u00e8le de d\u00e9veloppement\u00a0\u00bb, M. Laktami a soulign\u00e9 que le processus de d\u00e9veloppement ne peut aboutir qu\u2019\u00e0 travers l\u2019adoption d\u2019une politique financi\u00e8re efficace et d\u2019une r\u00e9forme structurelle du mod\u00e8le \u00e9conomique national, aussi bien en ce qui concerne le syst\u00e8me de financement que de la production et de la comp\u00e9titivit\u00e9.<\/p>\n<p>Il a \u00e9galement insist\u00e9 sur la n\u00e9cessit\u00e9 de mener des r\u00e9formes l\u00e9gislatives et juridiques qui concernent essentiellement le syst\u00e8me fiscal pour la r\u00e9alisation de la justice fiscale, en tant que moteur du d\u00e9veloppement global, ainsi que de favoriser la mise \u00e0 niveau du syst\u00e8me judiciaire et la simplification des proc\u00e9dures administratives pour encourager l\u2019investissement et accompagner les mutations num\u00e9riques, en adoptant la gestion \u00e9lectronique pour am\u00e9liorer les services publics, tout en cherchant des solutions efficaces aux grandes probl\u00e9matiques, comme la pauvret\u00e9 et le ch\u00f4mage, en raison de la crise sanitaire induite par la propagation de la Covid-19.<\/p>\n<p>Le principal d\u00e9fi actuel est de surmonter les effets de cette crise sur l\u2019\u00e9conomie nationale, d\u2019une part, et le tissu social, d\u2019autre part, en engageant une r\u00e9flexion prospective sur le processus socio-\u00e9conomique du Royaume, et ce, \u00e0 travers la lutte avec fermet\u00e9 et vigilance contre cette pand\u00e9mie pour endiguer sa propagation, l\u2019ach\u00e8vement de l\u2019op\u00e9ration de vaccination et le respect rigoureux des mesures pr\u00e9ventives, tout en se montrant pr\u00eats \u00e0 faire face aux changements majeurs que le monde conna\u00eetra apr\u00e8s cette crise sanitaire, qui affectera certainement l\u2019\u00e9conomie nationale, a ajout\u00e9 M. Laktami.<\/p>\n<p>Et de conclure que le rapport g\u00e9n\u00e9ral de la Commission Sp\u00e9ciale sur le Mod\u00e8le du D\u00e9veloppement (CSMD) renferme une panoplie de propositions touchant essentiellement \u00e0 la situation politique, \u00e9conomique et sociale au Royaume, en vue d\u2019atteindre l\u2019\u00e9galit\u00e9 sociale et l\u2019efficience \u00e9conomique, ce qui requiert de se pencher sur la r\u00e9forme progressive du syst\u00e8me \u00e9conomique national, tout en veillant \u00e0 maintenir les \u00e9quilibres macro\u00e9conomiques.<\/p>\n<p>\u00ab\u00a0Lecture dans les recommandations des assises nationales sur la fiscalit\u00e9\u00a0\u00bb, \u00ab\u00a0Lecture dans les recommandations du rapport g\u00e9n\u00e9ral de la CSMD\u00a0\u00bb, \u00ab\u00a0L\u2019institution du comptable et le pari du d\u00e9veloppement\u00a0\u00bb et \u00ab\u00a0Le comptable public entre devoir et responsabilit\u00e9\u00a0\u00bb, sont autant de th\u00e8mes qui seront abord\u00e9s par les participants \u00e0 cette rencontre de deux jours.<\/p>\n<p>The post <a rel=\"nofollow\" href=\"http:\/\/www.mapmarrakech.ma\/fr\/les-chantiers-de-developpement-un-levier-pour-la-realisation-de-la-justice-sociale\/\">Les chantiers de d\u00e9veloppement, un levier pour la justice sociale<\/a> appeared first on <a rel=\"nofollow\" href=\"http:\/\/www.mapmarrakech.ma\/fr\">MapMarrakech<\/a>.<\/p>\n<\/div>\n<p>Auteur: Meriem IGASS<br \/>\n<a href=\"http:\/\/www.mapmarrakech.ma\/fr\/les-chantiers-de-developpement-un-levier-pour-la-realisation-de-la-justice-sociale\/\">Cliquez ici pour lire l&rsquo;article depuis sa source.<\/a><\/p>\n","protected":false},"excerpt":{"rendered":"<p>Dans une allocution \u00e0 l\u2019ouverture de l\u2019Universit\u00e9 d\u2019\u00e9t\u00e9 de l\u2019ONCP, initi\u00e9e par ledit Ordre et le forum des chercheurs du minist\u00e8re, sous le th\u00e8me \u00ab\u00a0La justice fiscale, un levier essentiel du nouveau mod\u00e8le de d\u00e9veloppement\u00a0\u00bb, M. Laktami a soulign\u00e9 que le processus de d\u00e9veloppement ne peut aboutir qu\u2019\u00e0 travers l\u2019adoption d\u2019une politique financi\u00e8re efficace et [&hellip;]<\/p>\n","protected":false},"author":1788,"featured_media":0,"comment_status":"closed","ping_status":"closed","sticky":false,"template":"","format":"standard","meta":{"fifu_image_url":"http:\/\/www.mapmarrakech.ma\/map\/uploads\/2021\/10\/ordre-des-comptables-copier.jpg","fifu_image_alt":"Les chantiers de d\u00e9veloppement, un levier pour la justice sociale","footnotes":""},"categories":[54,76],"tags":[],"class_list":["post-129553","post","type-post","status-publish","format-standard","hentry","category-maroc","category-regions"],"_links":{"self":[{"href":"https:\/\/linitiative.ca\/International\/wp-json\/wp\/v2\/posts\/129553","targetHints":{"allow":["GET"]}}],"collection":[{"href":"https:\/\/linitiative.ca\/International\/wp-json\/wp\/v2\/posts"}],"about":[{"href":"https:\/\/linitiative.ca\/International\/wp-json\/wp\/v2\/types\/post"}],"author":[{"embeddable":true,"href":"https:\/\/linitiative.ca\/International\/wp-json\/wp\/v2\/users\/1788"}],"replies":[{"embeddable":true,"href":"https:\/\/linitiative.ca\/International\/wp-json\/wp\/v2\/comments?post=129553"}],"version-history":[{"count":0,"href":"https:\/\/linitiative.ca\/International\/wp-json\/wp\/v2\/posts\/129553\/revisions"}],"wp:attachment":[{"href":"https:\/\/linitiative.ca\/International\/wp-json\/wp\/v2\/media?parent=129553"}],"wp:term":[{"taxonomy":"category","embeddable":true,"href":"https:\/\/linitiative.ca\/International\/wp-json\/wp\/v2\/categories?post=129553"},{"taxonomy":"post_tag","embeddable":true,"href":"https:\/\/linitiative.ca\/International\/wp-json\/wp\/v2\/tags?post=129553"}],"curies":[{"name":"wp","href":"https:\/\/api.w.org\/{rel}","templated":true}]}}