{"id":129555,"date":"2021-10-10T05:07:26","date_gmt":"2021-10-10T09:07:26","guid":{"rendered":"https:\/\/linitiative.ca\/International\/le-discours-royal-un-plan-dorientation-pour-un-maroc-dynamique\/"},"modified":"2021-10-10T05:07:26","modified_gmt":"2021-10-10T09:07:26","slug":"le-discours-royal-un-plan-dorientation-pour-un-maroc-dynamique","status":"publish","type":"post","link":"https:\/\/linitiative.ca\/International\/le-discours-royal-un-plan-dorientation-pour-un-maroc-dynamique\/","title":{"rendered":"Le discours Royal, un plan d\u2019orientation pour un Maroc dynamique"},"content":{"rendered":"<div>\n<div style=\"margin-bottom:20px;\"><img loading=\"lazy\" decoding=\"async\" width=\"750\" height=\"430\" src=\"https:\/\/linitiative.ca\/International\/wp-content\/uploads\/sites\/23\/2021\/10\/Abderrahmane-belgourch-copier.jpg\" class=\"attachment-post-thumbnail size-post-thumbnail wp-post-image\" alt=\"\" srcset=\"https:\/\/linitiative.ca\/International\/wp-content\/uploads\/sites\/23\/2021\/10\/Abderrahmane-belgourch-copier.jpg 750w, http:\/\/www.mapmarrakech.ma\/map\/uploads\/2021\/10\/Abderrahmane-belgourch-copier-300x172.jpg 300w\" sizes=\"auto, (max-width: 750px) 100vw, 750px\"><\/div>\n<p>\u00ab\u00a0Ce discours, qui co\u00efncide avec la nomination d\u2019un nouveau gouvernement, se veut mobilisateur pour gagner le pari du d\u00e9veloppement, dont la continuit\u00e9 est assur\u00e9e par la Monarchie\u00a0\u00bb, a relev\u00e9 dans une d\u00e9claration \u00e0 la MAP, Pr. Belgourch, \u00e9galement Directeur du Groupe de Recherche en G\u00e9opolitique et Strat\u00e9gie globale (GSG).<\/p>\n<p>Le discours Royal repr\u00e9sente un t\u00e9moignage de l\u2019importance accord\u00e9e par le Souverain \u00e0 l\u2019action parlementaire et au r\u00f4le que pourrait jouer cette institution dans l\u2019\u00e9laboration et la mise en \u0153uvre des projets soci\u00e9taux, a-t-il expliqu\u00e9, ajoutant que c\u2019est aussi un discours dynamisant tant les chantiers sont nombreux et diversifi\u00e9s dans une conjoncture toute particuli\u00e8re.<\/p>\n<p>Dans ce discours, SM le Roi Mohammed VI rappelle que m\u00eame dans une conjoncture internationale difficile, le Maroc a efficacement g\u00e9r\u00e9 cette crise pand\u00e9mique sur les plans social et \u00e9conomique, soulignant\u00a0que la \u00ab\u00a0confiance plac\u00e9e dans notre pays et dans le dynamisme de son \u00e9conomie se confirme et se consolide, comme l\u2019attestent la hausse, jusqu\u2019au mois d\u2019ao\u00fbt dernier, des investissements directs \u00e9trangers estim\u00e9e \u00e0 16% , et l\u2019augmentation des transferts des MRE qui a atteint environ 46% \u00e0 la m\u00eame p\u00e9riode\u00a0\u00bb,\u00a0a relev\u00e9 cet expert.<\/p>\n<p>Sur le plan politique, le discours Royal a soulign\u00e9 que le Maroc a r\u00e9ussi \u00e0 normaliser ses alternances, a-t-il indiqu\u00e9,\u00a0insistant toutefois sur le fait que le changement des \u00e9quipes ne signifie pas toujours le changement des priorit\u00e9s.<\/p>\n<p>En effet, la nouvelle l\u00e9gislature intervient dans un contexte favorable pour consolider les choix de d\u00e9veloppement et mettre en \u0153uvre trois chantiers prioritaires:\u00a0la consolidation de la souverainet\u00e9 nationale par le renforcement de la s\u00e9curit\u00e9 \u00ab\u00a0des besoins et des approvisionnements strat\u00e9giques\u00a0\u00bb, la poursuite de la gestion de la crise pand\u00e9mique et de la relance \u00e9conomique, et la mise en \u0153uvre du mod\u00e8le de d\u00e9veloppement par le lancement de projets structurants, a pr\u00e9cis\u00e9 l\u2019universitaire.<\/p>\n<p>The post <a rel=\"nofollow\" href=\"http:\/\/www.mapmarrakech.ma\/fr\/le-discours-royal-un-plan-dorientation-pour-un-maroc-dynamique\/\">Le discours Royal, un plan d\u2019orientation pour un Maroc dynamique<\/a> appeared first on <a rel=\"nofollow\" href=\"http:\/\/www.mapmarrakech.ma\/fr\">MapMarrakech<\/a>.<\/p>\n<\/div>\n<p>Auteur: Meriem IGASS<br \/>\n<a href=\"http:\/\/www.mapmarrakech.ma\/fr\/le-discours-royal-un-plan-dorientation-pour-un-maroc-dynamique\/\">Cliquez ici pour lire l&rsquo;article depuis sa source.<\/a><\/p>\n","protected":false},"excerpt":{"rendered":"<p>\u00ab\u00a0Ce discours, qui co\u00efncide avec la nomination d\u2019un nouveau gouvernement, se veut mobilisateur pour gagner le pari du d\u00e9veloppement, dont la continuit\u00e9 est assur\u00e9e par la Monarchie\u00a0\u00bb, a relev\u00e9 dans une d\u00e9claration \u00e0 la MAP, Pr. Belgourch, \u00e9galement Directeur du Groupe de Recherche en G\u00e9opolitique et Strat\u00e9gie globale (GSG). Le discours Royal repr\u00e9sente un t\u00e9moignage [&hellip;]<\/p>\n","protected":false},"author":1788,"featured_media":0,"comment_status":"closed","ping_status":"closed","sticky":false,"template":"","format":"standard","meta":{"fifu_image_url":"http:\/\/www.mapmarrakech.ma\/map\/uploads\/2021\/10\/Abderrahmane-belgourch-copier.jpg","fifu_image_alt":"Le discours Royal, un plan d\u2019orientation pour un Maroc dynamique","footnotes":""},"categories":[54,76],"tags":[],"class_list":["post-129555","post","type-post","status-publish","format-standard","hentry","category-maroc","category-regions"],"_links":{"self":[{"href":"https:\/\/linitiative.ca\/International\/wp-json\/wp\/v2\/posts\/129555","targetHints":{"allow":["GET"]}}],"collection":[{"href":"https:\/\/linitiative.ca\/International\/wp-json\/wp\/v2\/posts"}],"about":[{"href":"https:\/\/linitiative.ca\/International\/wp-json\/wp\/v2\/types\/post"}],"author":[{"embeddable":true,"href":"https:\/\/linitiative.ca\/International\/wp-json\/wp\/v2\/users\/1788"}],"replies":[{"embeddable":true,"href":"https:\/\/linitiative.ca\/International\/wp-json\/wp\/v2\/comments?post=129555"}],"version-history":[{"count":0,"href":"https:\/\/linitiative.ca\/International\/wp-json\/wp\/v2\/posts\/129555\/revisions"}],"wp:attachment":[{"href":"https:\/\/linitiative.ca\/International\/wp-json\/wp\/v2\/media?parent=129555"}],"wp:term":[{"taxonomy":"category","embeddable":true,"href":"https:\/\/linitiative.ca\/International\/wp-json\/wp\/v2\/categories?post=129555"},{"taxonomy":"post_tag","embeddable":true,"href":"https:\/\/linitiative.ca\/International\/wp-json\/wp\/v2\/tags?post=129555"}],"curies":[{"name":"wp","href":"https:\/\/api.w.org\/{rel}","templated":true}]}}