{"id":129559,"date":"2021-10-10T11:49:15","date_gmt":"2021-10-10T15:49:15","guid":{"rendered":"https:\/\/linitiative.ca\/International\/previsions-meteorologiques-du-lundi-11-octobre-2021\/"},"modified":"2021-10-10T11:49:15","modified_gmt":"2021-10-10T15:49:15","slug":"previsions-meteorologiques-du-lundi-11-octobre-2021","status":"publish","type":"post","link":"https:\/\/linitiative.ca\/International\/previsions-meteorologiques-du-lundi-11-octobre-2021\/","title":{"rendered":"Pr\u00e9visions m\u00e9t\u00e9orologiques du lundi 11 octobre 2021"},"content":{"rendered":"<div>\n<div style=\"margin-bottom:20px;\"><img loading=\"lazy\" decoding=\"async\" width=\"750\" height=\"430\" src=\"https:\/\/linitiative.ca\/International\/wp-content\/uploads\/sites\/23\/2021\/10\/soleil.jpg\" class=\"attachment-post-thumbnail size-post-thumbnail wp-post-image\" alt=\"\" srcset=\"https:\/\/linitiative.ca\/International\/wp-content\/uploads\/sites\/23\/2021\/10\/soleil.jpg 750w, http:\/\/www.mapmarrakech.ma\/map\/uploads\/2021\/10\/soleil-300x172.jpg 300w\" sizes=\"auto, (max-width: 750px) 100vw, 750px\"><\/div>\n<p>\u2013 Nuages bas denses sur la rive m\u00e9diterran\u00e9enne et les c\u00f4tes Centre avec bruine locale.<\/p>\n<p>\u2013 Formation de brume ou de brouillard sur le littoral atlantique pendant la nuit et la matin\u00e9e.<\/p>\n<p>\u2013 Foyers instables avec ond\u00e9es \u00e9parses sur le Rif, le Haut et le Moyen Atlas, le Sud-Est et l\u2019Oriental.<\/p>\n<p>\u2013 Temps passag\u00e8rement nuageux la nuit suivante sur le Nord-Ouest du pays avec risque ond\u00e9es.<\/p>\n<p>\u2013 Fortes rafales de vent sur le Tang\u00e9rois.<\/p>\n<p>\u2013 Chasse-sables ou chasse-poussi\u00e8res sur le Sud-Est et le Sud de l\u2019Oriental.<\/p>\n<p>\u2013 Temp\u00e9rature minimale de l\u2019ordre de 08\/14\u00b0C sur les reliefs de l\u2019Atlas, de 10\/16\u00b0C sur le Rif et l\u2019Oriental, de 20\/26\u00b0C sur les extr\u00eames Sud et Sud-Est du pays et de 15\/20\u00b0C partout ailleurs.<\/p>\n<p>\u2013 Temp\u00e9ratures maximales de l\u2019ordre de 34\/39\u00b0C sur les extr\u00eames Sud et Sud-Est du pays, de 28\/34\u00b0C sur l\u2019int\u00e9rieur du Souss, les plaines int\u00e9rieures Nord et Centre, la vall\u00e9e de Moulouya, les plateaux de phosphates et Oulm\u00e8s et de 21\/28\u00b0C partout ailleurs.<\/p>\n<p>\u2013 Mer agit\u00e9e \u00e0 forte sur la M\u00e9diterran\u00e9e et le D\u00e9troit, agit\u00e9e entre Cap Spartel et Assilah et peu agit\u00e9e \u00e0 agit\u00e9e ailleurs.<\/p>\n<p>The post <a rel=\"nofollow\" href=\"http:\/\/www.mapmarrakech.ma\/fr\/previsions-meteorologiques-du-lundi-11-octobre-2021\/\">Pr\u00e9visions m\u00e9t\u00e9orologiques du lundi 11 octobre 2021<\/a> appeared first on <a rel=\"nofollow\" href=\"http:\/\/www.mapmarrakech.ma\/fr\">MapMarrakech<\/a>.<\/p>\n<\/div>\n<p>Auteur: Meriem IGASS<br \/>\n<a href=\"http:\/\/www.mapmarrakech.ma\/fr\/previsions-meteorologiques-du-lundi-11-octobre-2021\/\">Cliquez ici pour lire l&rsquo;article depuis sa source.<\/a><\/p>\n","protected":false},"excerpt":{"rendered":"<p>\u2013 Nuages bas denses sur la rive m\u00e9diterran\u00e9enne et les c\u00f4tes Centre avec bruine locale. \u2013 Formation de brume ou de brouillard sur le littoral atlantique pendant la nuit et la matin\u00e9e. \u2013 Foyers instables avec ond\u00e9es \u00e9parses sur le Rif, le Haut et le Moyen Atlas, le Sud-Est et l\u2019Oriental. \u2013 Temps passag\u00e8rement nuageux [&hellip;]<\/p>\n","protected":false},"author":1788,"featured_media":0,"comment_status":"closed","ping_status":"closed","sticky":false,"template":"","format":"standard","meta":{"fifu_image_url":"http:\/\/www.mapmarrakech.ma\/map\/uploads\/2021\/10\/soleil.jpg","fifu_image_alt":"Pr\u00e9visions m\u00e9t\u00e9orologiques du lundi 11 octobre 2021","footnotes":""},"categories":[54,76],"tags":[],"class_list":["post-129559","post","type-post","status-publish","format-standard","hentry","category-maroc","category-regions"],"_links":{"self":[{"href":"https:\/\/linitiative.ca\/International\/wp-json\/wp\/v2\/posts\/129559","targetHints":{"allow":["GET"]}}],"collection":[{"href":"https:\/\/linitiative.ca\/International\/wp-json\/wp\/v2\/posts"}],"about":[{"href":"https:\/\/linitiative.ca\/International\/wp-json\/wp\/v2\/types\/post"}],"author":[{"embeddable":true,"href":"https:\/\/linitiative.ca\/International\/wp-json\/wp\/v2\/users\/1788"}],"replies":[{"embeddable":true,"href":"https:\/\/linitiative.ca\/International\/wp-json\/wp\/v2\/comments?post=129559"}],"version-history":[{"count":0,"href":"https:\/\/linitiative.ca\/International\/wp-json\/wp\/v2\/posts\/129559\/revisions"}],"wp:attachment":[{"href":"https:\/\/linitiative.ca\/International\/wp-json\/wp\/v2\/media?parent=129559"}],"wp:term":[{"taxonomy":"category","embeddable":true,"href":"https:\/\/linitiative.ca\/International\/wp-json\/wp\/v2\/categories?post=129559"},{"taxonomy":"post_tag","embeddable":true,"href":"https:\/\/linitiative.ca\/International\/wp-json\/wp\/v2\/tags?post=129559"}],"curies":[{"name":"wp","href":"https:\/\/api.w.org\/{rel}","templated":true}]}}