{"id":129561,"date":"2021-10-10T12:59:33","date_gmt":"2021-10-10T16:59:33","guid":{"rendered":"https:\/\/linitiative.ca\/International\/covid-19-plus-de-181-000-personnes-ont-recu-la-3eme-dose\/"},"modified":"2021-10-10T12:59:33","modified_gmt":"2021-10-10T16:59:33","slug":"covid-19-plus-de-181-000-personnes-ont-recu-la-3eme-dose","status":"publish","type":"post","link":"https:\/\/linitiative.ca\/International\/covid-19-plus-de-181-000-personnes-ont-recu-la-3eme-dose\/","title":{"rendered":"Covid-19: Plus de 181.000 personnes ont re\u00e7u la 3\u00e8me dose"},"content":{"rendered":"<div>\n<div style=\"margin-bottom:20px;\"><img loading=\"lazy\" decoding=\"async\" width=\"750\" height=\"430\" src=\"https:\/\/linitiative.ca\/International\/wp-content\/uploads\/sites\/23\/2021\/10\/cov-ar-7.jpg\" class=\"attachment-post-thumbnail size-post-thumbnail wp-post-image\" alt=\"\" srcset=\"https:\/\/linitiative.ca\/International\/wp-content\/uploads\/sites\/23\/2021\/10\/cov-ar-7.jpg 750w, http:\/\/www.mapmarrakech.ma\/map\/uploads\/2021\/10\/cov-ar-7-300x172.jpg 300w\" sizes=\"auto, (max-width: 750px) 100vw, 750px\"><\/div>\n<p>Le nombre de primo-vaccin\u00e9s a atteint 23.031.340, alors que celui des personnes ayant re\u00e7u la 2\u00e8me dose s\u2019\u00e9l\u00e8ve d\u00e9sormais \u00e0 20.117.823, a pr\u00e9cis\u00e9 le minist\u00e8re dans son bulletin quotidien sur la situation \u00e9pid\u00e9miologique Covid-19.<\/p>\n<p>Par ailleurs, 386 nouveaux cas d\u2019infection au nouveau coronavirus et 638 gu\u00e9risons ont \u00e9t\u00e9 enregistr\u00e9s au Maroc dans les derni\u00e8res 24 heures, indique-t-on.<\/p>\n<p>Le nouveau bilan des cas positifs porte \u00e0 939.187 le nombre total des contaminations depuis le premier cas signal\u00e9 dans le Royaume en mars 2020. Le nombre des personnes r\u00e9tablies est pass\u00e9 \u00e0 917.807, soit un taux de gu\u00e9rison de 97,7%.<\/p>\n<p>Les contaminations ont \u00e9t\u00e9 recens\u00e9es dans les r\u00e9gions de Rabat-Sal\u00e9-K\u00e9nitra (141), Casablanca-Settat (132), l\u2019Oriental (28), Tanger-T\u00e9touan-Al Hoceima (26), Marrakech-Safi (20), B\u00e9ni Mellal-Kh\u00e9nifra (12), F\u00e8s-Mekn\u00e8s (7), Dakhla-Oued Eddahab (6), Souss-Massa (5), Guelmim-Oued Noun (5), La\u00e2youne-Sakia El Hamra (2) et Dr\u00e2a-Tafilalet (2).<\/p>\n<p>Quant aux d\u00e9c\u00e8s, leur nombre total est pass\u00e9 \u00e0 14.457 (l\u00e9talit\u00e9 1,5%), avec 14 nouveaux cas enregistr\u00e9s dans les r\u00e9gions de Casablanca-Settat (8), Rabat-Sal\u00e9-K\u00e9nitra (3), l\u2019Oriental (1), B\u00e9ni Mellal-Kh\u00e9nifra (1) et La\u00e2youne-Sakia El Hamra (1).<\/p>\n<p>Les cas actifs sont au nombre de 6.923, tandis que les cas s\u00e9v\u00e8res ou critiques ont atteint 630, dont 20 plac\u00e9s sous intubation.<\/p>\n<p>The post <a rel=\"nofollow\" href=\"http:\/\/www.mapmarrakech.ma\/fr\/covid-19-plus-de-181-000-personnes-ont-recu-la-3eme-dose\/\">Covid-19: Plus de 181.000 personnes ont re\u00e7u la 3\u00e8me dose<\/a> appeared first on <a rel=\"nofollow\" href=\"http:\/\/www.mapmarrakech.ma\/fr\">MapMarrakech<\/a>.<\/p>\n<\/div>\n<p>Auteur: Meriem IGASS<br \/>\n<a href=\"http:\/\/www.mapmarrakech.ma\/fr\/covid-19-plus-de-181-000-personnes-ont-recu-la-3eme-dose\/\">Cliquez ici pour lire l&rsquo;article depuis sa source.<\/a><\/p>\n","protected":false},"excerpt":{"rendered":"<p>Le nombre de primo-vaccin\u00e9s a atteint 23.031.340, alors que celui des personnes ayant re\u00e7u la 2\u00e8me dose s\u2019\u00e9l\u00e8ve d\u00e9sormais \u00e0 20.117.823, a pr\u00e9cis\u00e9 le minist\u00e8re dans son bulletin quotidien sur la situation \u00e9pid\u00e9miologique Covid-19. Par ailleurs, 386 nouveaux cas d\u2019infection au nouveau coronavirus et 638 gu\u00e9risons ont \u00e9t\u00e9 enregistr\u00e9s au Maroc dans les derni\u00e8res 24 [&hellip;]<\/p>\n","protected":false},"author":1788,"featured_media":0,"comment_status":"closed","ping_status":"closed","sticky":false,"template":"","format":"standard","meta":{"fifu_image_url":"http:\/\/www.mapmarrakech.ma\/map\/uploads\/2021\/10\/cov-ar-7.jpg","fifu_image_alt":"Covid-19: Plus de 181.000 personnes ont re\u00e7u la 3\u00e8me dose","footnotes":""},"categories":[54,76],"tags":[],"class_list":["post-129561","post","type-post","status-publish","format-standard","hentry","category-maroc","category-regions"],"_links":{"self":[{"href":"https:\/\/linitiative.ca\/International\/wp-json\/wp\/v2\/posts\/129561","targetHints":{"allow":["GET"]}}],"collection":[{"href":"https:\/\/linitiative.ca\/International\/wp-json\/wp\/v2\/posts"}],"about":[{"href":"https:\/\/linitiative.ca\/International\/wp-json\/wp\/v2\/types\/post"}],"author":[{"embeddable":true,"href":"https:\/\/linitiative.ca\/International\/wp-json\/wp\/v2\/users\/1788"}],"replies":[{"embeddable":true,"href":"https:\/\/linitiative.ca\/International\/wp-json\/wp\/v2\/comments?post=129561"}],"version-history":[{"count":0,"href":"https:\/\/linitiative.ca\/International\/wp-json\/wp\/v2\/posts\/129561\/revisions"}],"wp:attachment":[{"href":"https:\/\/linitiative.ca\/International\/wp-json\/wp\/v2\/media?parent=129561"}],"wp:term":[{"taxonomy":"category","embeddable":true,"href":"https:\/\/linitiative.ca\/International\/wp-json\/wp\/v2\/categories?post=129561"},{"taxonomy":"post_tag","embeddable":true,"href":"https:\/\/linitiative.ca\/International\/wp-json\/wp\/v2\/tags?post=129561"}],"curies":[{"name":"wp","href":"https:\/\/api.w.org\/{rel}","templated":true}]}}