{"id":129563,"date":"2021-10-10T04:20:27","date_gmt":"2021-10-10T08:20:27","guid":{"rendered":"https:\/\/linitiative.ca\/International\/tanger-des-hommes-daffaires-decores-par-lespagne\/"},"modified":"2021-10-10T04:20:27","modified_gmt":"2021-10-10T08:20:27","slug":"tanger-des-hommes-daffaires-decores-par-lespagne","status":"publish","type":"post","link":"https:\/\/linitiative.ca\/International\/tanger-des-hommes-daffaires-decores-par-lespagne\/","title":{"rendered":"Tanger: Des hommes d\u2019affaires d\u00e9cor\u00e9s par l\u2019Espagne"},"content":{"rendered":"<div>\n<div class=\"field field-name-body field-type-text-with-summary field-label-hidden\">\n<div class=\"field-items\">\n<div class=\"field-item even\" property=\"content:encoded\">\n<p class=\"rtejustify\">Ricardo D\u00edez-Hochleitner Rodr\u00edguez, ambassadeur d&rsquo;Espagne \u00e0 Rabat, a pr\u00e9sid\u00e9 la semaine derni\u00e8re \u00e0 Tanger une c\u00e9r\u00e9monie durant laquelle deux membres de la communaut\u00e9 espagnole install\u00e9e \u00e0 Tanger, ont \u00e9t\u00e9 d\u00e9cor\u00e9s. Il s\u2019agit de Jos\u00e9 Est\u00e9vez, pr\u00e9sident de la Chambre espagnole de commerce et d\u2019industrie de Tanger (CECIT), et de Ram\u00f3n Fern\u00e1ndez, son pr\u00e9sident honorifique et \u00e9galement Ppr\u00e9sident du Club des entrepreneurs espagnols du Maroc (CEEM).<\/p>\n<\/div>\n<\/div>\n<\/div>\n<\/div>\n<p>Auteur: hgueye<br \/>\n<a href=\"https:\/\/www.leconomiste.com\/flash-infos\/tanger-des-hommes-d-affaires-decores-par-l-espagne\">Cliquez ici pour lire l&rsquo;article depuis sa source.<\/a><\/p>\n","protected":false},"excerpt":{"rendered":"<p>Ricardo D\u00edez-Hochleitner Rodr\u00edguez, ambassadeur d&rsquo;Espagne \u00e0 Rabat, a pr\u00e9sid\u00e9 la semaine derni\u00e8re \u00e0 Tanger une c\u00e9r\u00e9monie durant laquelle deux membres de la communaut\u00e9 espagnole install\u00e9e \u00e0 Tanger, ont \u00e9t\u00e9 d\u00e9cor\u00e9s. Il s\u2019agit de Jos\u00e9 Est\u00e9vez, pr\u00e9sident de la Chambre espagnole de commerce et d\u2019industrie de Tanger (CECIT), et de Ram\u00f3n Fern\u00e1ndez, son pr\u00e9sident honorifique et [&hellip;]<\/p>\n","protected":false},"author":1763,"featured_media":0,"comment_status":"closed","ping_status":"closed","sticky":false,"template":"","format":"standard","meta":{"fifu_image_url":"","fifu_image_alt":"","footnotes":""},"categories":[78,54],"tags":[],"class_list":["post-129563","post","type-post","status-publish","format-standard","hentry","category-economie","category-maroc"],"_links":{"self":[{"href":"https:\/\/linitiative.ca\/International\/wp-json\/wp\/v2\/posts\/129563","targetHints":{"allow":["GET"]}}],"collection":[{"href":"https:\/\/linitiative.ca\/International\/wp-json\/wp\/v2\/posts"}],"about":[{"href":"https:\/\/linitiative.ca\/International\/wp-json\/wp\/v2\/types\/post"}],"author":[{"embeddable":true,"href":"https:\/\/linitiative.ca\/International\/wp-json\/wp\/v2\/users\/1763"}],"replies":[{"embeddable":true,"href":"https:\/\/linitiative.ca\/International\/wp-json\/wp\/v2\/comments?post=129563"}],"version-history":[{"count":0,"href":"https:\/\/linitiative.ca\/International\/wp-json\/wp\/v2\/posts\/129563\/revisions"}],"wp:attachment":[{"href":"https:\/\/linitiative.ca\/International\/wp-json\/wp\/v2\/media?parent=129563"}],"wp:term":[{"taxonomy":"category","embeddable":true,"href":"https:\/\/linitiative.ca\/International\/wp-json\/wp\/v2\/categories?post=129563"},{"taxonomy":"post_tag","embeddable":true,"href":"https:\/\/linitiative.ca\/International\/wp-json\/wp\/v2\/tags?post=129563"}],"curies":[{"name":"wp","href":"https:\/\/api.w.org\/{rel}","templated":true}]}}