{"id":129564,"date":"2021-10-10T04:43:22","date_gmt":"2021-10-10T08:43:22","guid":{"rendered":"https:\/\/linitiative.ca\/International\/tanger-encg-tanger-lencg-veut-booster-lemployabilite-de-ses-diplomes\/"},"modified":"2021-10-10T04:43:22","modified_gmt":"2021-10-10T08:43:22","slug":"tanger-encg-tanger-lencg-veut-booster-lemployabilite-de-ses-diplomes","status":"publish","type":"post","link":"https:\/\/linitiative.ca\/International\/tanger-encg-tanger-lencg-veut-booster-lemployabilite-de-ses-diplomes\/","title":{"rendered":"Tanger ENCG Tanger: L\u2019ENCG veut booster l\u2019employabilit\u00e9 de ses dipl\u00f4m\u00e9s"},"content":{"rendered":"<div>\n<div class=\"field field-name-body field-type-text-with-summary field-label-hidden\">\n<div class=\"field-items\">\n<div class=\"field-item even\" property=\"content:encoded\">\n<p class=\"rtejustify\">L\u2019Ecole nationale de commerce et de gestion de Tanger (ENCG-T) vient de signer une convention de partenariat avec l\u2019antenne marocaine du cabinet am\u00e9ricain Cognitus. L\u2019objectif est de doper le d\u00e9veloppement des comp\u00e9tences des \u00e9tudiants et des dipl\u00f4m\u00e9s de l&rsquo;ENCG-T et, surtout, de booster leur employabilit\u00e9, selon un communiqu\u00e9 de l\u2019Ecole.<\/p>\n<\/div>\n<\/div>\n<\/div>\n<\/div>\n<p>Auteur: hgueye<br \/>\n<a href=\"https:\/\/www.leconomiste.com\/flash-infos\/tanger-encg-tanger-l-encg-veut-booster-l-employabilite-de-ses-diplomes\">Cliquez ici pour lire l&rsquo;article depuis sa source.<\/a><\/p>\n","protected":false},"excerpt":{"rendered":"<p>L\u2019Ecole nationale de commerce et de gestion de Tanger (ENCG-T) vient de signer une convention de partenariat avec l\u2019antenne marocaine du cabinet am\u00e9ricain Cognitus. L\u2019objectif est de doper le d\u00e9veloppement des comp\u00e9tences des \u00e9tudiants et des dipl\u00f4m\u00e9s de l&rsquo;ENCG-T et, surtout, de booster leur employabilit\u00e9, selon un communiqu\u00e9 de l\u2019Ecole. Auteur: hgueye Cliquez ici pour [&hellip;]<\/p>\n","protected":false},"author":1763,"featured_media":0,"comment_status":"closed","ping_status":"closed","sticky":false,"template":"","format":"standard","meta":{"fifu_image_url":"","fifu_image_alt":"","footnotes":""},"categories":[78,54],"tags":[],"class_list":["post-129564","post","type-post","status-publish","format-standard","hentry","category-economie","category-maroc"],"_links":{"self":[{"href":"https:\/\/linitiative.ca\/International\/wp-json\/wp\/v2\/posts\/129564","targetHints":{"allow":["GET"]}}],"collection":[{"href":"https:\/\/linitiative.ca\/International\/wp-json\/wp\/v2\/posts"}],"about":[{"href":"https:\/\/linitiative.ca\/International\/wp-json\/wp\/v2\/types\/post"}],"author":[{"embeddable":true,"href":"https:\/\/linitiative.ca\/International\/wp-json\/wp\/v2\/users\/1763"}],"replies":[{"embeddable":true,"href":"https:\/\/linitiative.ca\/International\/wp-json\/wp\/v2\/comments?post=129564"}],"version-history":[{"count":0,"href":"https:\/\/linitiative.ca\/International\/wp-json\/wp\/v2\/posts\/129564\/revisions"}],"wp:attachment":[{"href":"https:\/\/linitiative.ca\/International\/wp-json\/wp\/v2\/media?parent=129564"}],"wp:term":[{"taxonomy":"category","embeddable":true,"href":"https:\/\/linitiative.ca\/International\/wp-json\/wp\/v2\/categories?post=129564"},{"taxonomy":"post_tag","embeddable":true,"href":"https:\/\/linitiative.ca\/International\/wp-json\/wp\/v2\/tags?post=129564"}],"curies":[{"name":"wp","href":"https:\/\/api.w.org\/{rel}","templated":true}]}}