{"id":129566,"date":"2021-10-10T07:59:14","date_gmt":"2021-10-10T11:59:14","guid":{"rendered":"https:\/\/linitiative.ca\/International\/liquidite-bancaire-le-deficit-saccentue\/"},"modified":"2021-10-10T07:59:14","modified_gmt":"2021-10-10T11:59:14","slug":"liquidite-bancaire-le-deficit-saccentue","status":"publish","type":"post","link":"https:\/\/linitiative.ca\/International\/liquidite-bancaire-le-deficit-saccentue\/","title":{"rendered":"Liquidit\u00e9 bancaire: Le d\u00e9ficit s&rsquo;accentue"},"content":{"rendered":"<div>\n<div class=\"field field-name-body field-type-text-with-summary field-label-hidden\">\n<div class=\"field-items\">\n<div class=\"field-item even\" property=\"content:encoded\">\n<p class=\"rtejustify\">Le d\u00e9ficit de la liquidit\u00e9 bancaire s&rsquo;est accentu\u00e9\u00a0durant la semaine pr\u00e9c\u00e9dente de 9%, comparativement \u00e0 son niveau, une semaine auparavant, selon BMCE Capital Global Research (BKGR).<\/p>\n<\/div>\n<\/div>\n<\/div>\n<\/div>\n<p>Auteur: hgueye<br \/>\n<a href=\"https:\/\/www.leconomiste.com\/flash-infos\/liquidite-bancaire-le-deficit-s-accentue\">Cliquez ici pour lire l&rsquo;article depuis sa source.<\/a><\/p>\n","protected":false},"excerpt":{"rendered":"<p>Le d\u00e9ficit de la liquidit\u00e9 bancaire s&rsquo;est accentu\u00e9\u00a0durant la semaine pr\u00e9c\u00e9dente de 9%, comparativement \u00e0 son niveau, une semaine auparavant, selon BMCE Capital Global Research (BKGR). Auteur: hgueye Cliquez ici pour lire l&rsquo;article depuis sa source.<\/p>\n","protected":false},"author":1763,"featured_media":0,"comment_status":"closed","ping_status":"closed","sticky":false,"template":"","format":"standard","meta":{"fifu_image_url":"","fifu_image_alt":"","footnotes":""},"categories":[78,54],"tags":[],"class_list":["post-129566","post","type-post","status-publish","format-standard","hentry","category-economie","category-maroc"],"_links":{"self":[{"href":"https:\/\/linitiative.ca\/International\/wp-json\/wp\/v2\/posts\/129566","targetHints":{"allow":["GET"]}}],"collection":[{"href":"https:\/\/linitiative.ca\/International\/wp-json\/wp\/v2\/posts"}],"about":[{"href":"https:\/\/linitiative.ca\/International\/wp-json\/wp\/v2\/types\/post"}],"author":[{"embeddable":true,"href":"https:\/\/linitiative.ca\/International\/wp-json\/wp\/v2\/users\/1763"}],"replies":[{"embeddable":true,"href":"https:\/\/linitiative.ca\/International\/wp-json\/wp\/v2\/comments?post=129566"}],"version-history":[{"count":0,"href":"https:\/\/linitiative.ca\/International\/wp-json\/wp\/v2\/posts\/129566\/revisions"}],"wp:attachment":[{"href":"https:\/\/linitiative.ca\/International\/wp-json\/wp\/v2\/media?parent=129566"}],"wp:term":[{"taxonomy":"category","embeddable":true,"href":"https:\/\/linitiative.ca\/International\/wp-json\/wp\/v2\/categories?post=129566"},{"taxonomy":"post_tag","embeddable":true,"href":"https:\/\/linitiative.ca\/International\/wp-json\/wp\/v2\/tags?post=129566"}],"curies":[{"name":"wp","href":"https:\/\/api.w.org\/{rel}","templated":true}]}}