{"id":129567,"date":"2021-10-10T11:32:30","date_gmt":"2021-10-10T15:32:30","guid":{"rendered":"https:\/\/linitiative.ca\/International\/covid-181-700-personnes-ont-pris-leur-3e-dose\/"},"modified":"2021-10-10T11:32:30","modified_gmt":"2021-10-10T15:32:30","slug":"covid-181-700-personnes-ont-pris-leur-3e-dose","status":"publish","type":"post","link":"https:\/\/linitiative.ca\/International\/covid-181-700-personnes-ont-pris-leur-3e-dose\/","title":{"rendered":"Covid: 181.700 personnes ont pris leur 3e dose"},"content":{"rendered":"<div>\n<div class=\"field field-name-body field-type-text-with-summary field-label-hidden\">\n<div class=\"field-items\">\n<div class=\"field-item even\" property=\"content:encoded\">\n<p class=\"rtejustify\">Un total de\u00a0<strong>181.700<\/strong> personnes ont re\u00e7u la 3e\u00a0dose du vaccin anti-Covid-19, une semaine apr\u00e8s le\u00a0lancement de l&rsquo;op\u00e9ration, a indiqu\u00e9 dimanche le minist\u00e8re de la Sant\u00e9.\u00a0Le nombre de primo-vaccin\u00e9s a atteint <strong>23.031.340<\/strong>, alors que celui des personnes ayant re\u00e7u la 2e dose s&rsquo;\u00e9l\u00e8ve d\u00e9sormais \u00e0 <strong>20.117.823,<\/strong> a pr\u00e9cis\u00e9 le minist\u00e8re dans son bulletin quotidien sur la situation \u00e9pid\u00e9miologique Covid-19.<\/p>\n<\/div>\n<\/div>\n<\/div>\n<\/div>\n<p>Auteur: hgueye<br \/>\n<a href=\"https:\/\/www.leconomiste.com\/flash-infos\/covid-3\">Cliquez ici pour lire l&rsquo;article depuis sa source.<\/a><\/p>\n","protected":false},"excerpt":{"rendered":"<p>Un total de\u00a0181.700 personnes ont re\u00e7u la 3e\u00a0dose du vaccin anti-Covid-19, une semaine apr\u00e8s le\u00a0lancement de l&rsquo;op\u00e9ration, a indiqu\u00e9 dimanche le minist\u00e8re de la Sant\u00e9.\u00a0Le nombre de primo-vaccin\u00e9s a atteint 23.031.340, alors que celui des personnes ayant re\u00e7u la 2e dose s&rsquo;\u00e9l\u00e8ve d\u00e9sormais \u00e0 20.117.823, a pr\u00e9cis\u00e9 le minist\u00e8re dans son bulletin quotidien sur la [&hellip;]<\/p>\n","protected":false},"author":1763,"featured_media":0,"comment_status":"closed","ping_status":"closed","sticky":false,"template":"","format":"standard","meta":{"fifu_image_url":"","fifu_image_alt":"","footnotes":""},"categories":[78,54],"tags":[],"class_list":["post-129567","post","type-post","status-publish","format-standard","hentry","category-economie","category-maroc"],"_links":{"self":[{"href":"https:\/\/linitiative.ca\/International\/wp-json\/wp\/v2\/posts\/129567","targetHints":{"allow":["GET"]}}],"collection":[{"href":"https:\/\/linitiative.ca\/International\/wp-json\/wp\/v2\/posts"}],"about":[{"href":"https:\/\/linitiative.ca\/International\/wp-json\/wp\/v2\/types\/post"}],"author":[{"embeddable":true,"href":"https:\/\/linitiative.ca\/International\/wp-json\/wp\/v2\/users\/1763"}],"replies":[{"embeddable":true,"href":"https:\/\/linitiative.ca\/International\/wp-json\/wp\/v2\/comments?post=129567"}],"version-history":[{"count":0,"href":"https:\/\/linitiative.ca\/International\/wp-json\/wp\/v2\/posts\/129567\/revisions"}],"wp:attachment":[{"href":"https:\/\/linitiative.ca\/International\/wp-json\/wp\/v2\/media?parent=129567"}],"wp:term":[{"taxonomy":"category","embeddable":true,"href":"https:\/\/linitiative.ca\/International\/wp-json\/wp\/v2\/categories?post=129567"},{"taxonomy":"post_tag","embeddable":true,"href":"https:\/\/linitiative.ca\/International\/wp-json\/wp\/v2\/tags?post=129567"}],"curies":[{"name":"wp","href":"https:\/\/api.w.org\/{rel}","templated":true}]}}