{"id":129568,"date":"2021-10-10T03:34:00","date_gmt":"2021-10-10T07:34:00","guid":{"rendered":"https:\/\/linitiative.ca\/International\/les-fennecs-recuperent-et-preparent-le-deuxieme-match-face-au-niger\/"},"modified":"2021-10-10T03:34:00","modified_gmt":"2021-10-10T07:34:00","slug":"les-fennecs-recuperent-et-preparent-le-deuxieme-match-face-au-niger","status":"publish","type":"post","link":"https:\/\/linitiative.ca\/International\/les-fennecs-recuperent-et-preparent-le-deuxieme-match-face-au-niger\/","title":{"rendered":"Les Fennecs r\u00e9cup\u00e8rent et pr\u00e9parent le deuxi\u00e8me match face au Niger"},"content":{"rendered":"<div>La s\u00e9lection nationale a repris le chemin de l&rsquo;entrainement au lendemain de la large victoire face au Niger (6-1)<img loading=\"lazy\" decoding=\"async\" src=\"http:\/\/feeds.feedburner.com\/~r\/GalerieFArtciles\/~4\/wJFftvVcyiY\" height=\"1\" width=\"1\" alt=\"\"><\/div>\n<p>Auteur:<br \/>\n<a href=\"http:\/\/www.lebuteur.com\/article\/detail?titre=les-fennecs-recuperent-et-preparent-le-deuxieme-match-face-au-niger&#038;id=101280&#038;utm_source=feedburner&#038;utm_medium=feed&#038;utm_campaign=Feed%3A+GalerieFArtciles+%28Les+derniers+articles++-+lebuteur.com%29\">Cliquez ici pour lire l&rsquo;article depuis sa source.<\/a><\/p>\n","protected":false},"excerpt":{"rendered":"<p>La s\u00e9lection nationale a repris le chemin de l&rsquo;entrainement au lendemain de la large victoire face au Niger (6-1) Auteur: Cliquez ici pour lire l&rsquo;article depuis sa source.<\/p>\n","protected":false},"author":1738,"featured_media":0,"comment_status":"closed","ping_status":"closed","sticky":false,"template":"","format":"standard","meta":{"fifu_image_url":"http:\/\/feeds.feedburner.com\/~r\/GalerieFArtciles\/~4\/wJFftvVcyiY","fifu_image_alt":"Les Fennecs r\u00e9cup\u00e8rent et pr\u00e9parent le deuxi\u00e8me match face au Niger","footnotes":""},"categories":[53,75],"tags":[],"class_list":["post-129568","post","type-post","status-publish","format-standard","hentry","category-algerie","category-sport"],"_links":{"self":[{"href":"https:\/\/linitiative.ca\/International\/wp-json\/wp\/v2\/posts\/129568","targetHints":{"allow":["GET"]}}],"collection":[{"href":"https:\/\/linitiative.ca\/International\/wp-json\/wp\/v2\/posts"}],"about":[{"href":"https:\/\/linitiative.ca\/International\/wp-json\/wp\/v2\/types\/post"}],"author":[{"embeddable":true,"href":"https:\/\/linitiative.ca\/International\/wp-json\/wp\/v2\/users\/1738"}],"replies":[{"embeddable":true,"href":"https:\/\/linitiative.ca\/International\/wp-json\/wp\/v2\/comments?post=129568"}],"version-history":[{"count":0,"href":"https:\/\/linitiative.ca\/International\/wp-json\/wp\/v2\/posts\/129568\/revisions"}],"wp:attachment":[{"href":"https:\/\/linitiative.ca\/International\/wp-json\/wp\/v2\/media?parent=129568"}],"wp:term":[{"taxonomy":"category","embeddable":true,"href":"https:\/\/linitiative.ca\/International\/wp-json\/wp\/v2\/categories?post=129568"},{"taxonomy":"post_tag","embeddable":true,"href":"https:\/\/linitiative.ca\/International\/wp-json\/wp\/v2\/tags?post=129568"}],"curies":[{"name":"wp","href":"https:\/\/api.w.org\/{rel}","templated":true}]}}