{"id":129583,"date":"2021-10-10T08:55:00","date_gmt":"2021-10-10T12:55:00","guid":{"rendered":"https:\/\/linitiative.ca\/International\/tunisie-ou-est-letat\/"},"modified":"2021-10-10T08:55:00","modified_gmt":"2021-10-10T12:55:00","slug":"tunisie-ou-est-letat","status":"publish","type":"post","link":"https:\/\/linitiative.ca\/International\/tunisie-ou-est-letat\/","title":{"rendered":"Tunisie : o\u00f9 est l\u2019Etat ?"},"content":{"rendered":"<div><img decoding=\"async\" src=\"https:\/\/linitiative.ca\/International\/wp-content\/uploads\/sites\/23\/2021\/10\/1633869312_article.jpg\" alt=\"Tunisie : o\u00f9 est l\u2019Etat ?\" align=\"left\">Par\u00a0 Azza Filali &#8211; Par cette belle lumi\u00e8re d\u2019Octobre, un constat douloureux s\u2019impose \u00e0 nous : l\u2019Etat Tunisien vacille. Ce qu\u2019il est convenu d\u2019appeler l\u2019appareil d\u2019\u00e9tat (gouvernement, institutions, pr\u00e9sidence de la r\u00e9publique) puis toutes les structures qui en d\u00e9coulent : institutions publiques, structures d\u2019enseignement, de soins, et autres\u2026 Tout cela se d\u00e9sagr\u00e8ge. Fragilis\u00e9, voire mis \u00e0 terre par des ann\u00e9es de mauvaise gestion, cribl\u00e9 de dettes, non prot\u00e9g\u00e9 par ceux qui \u00e9taient cens\u00e9s le faire.<br \/>\nIl est faux de penser que les institutions sont immuables, qu\u2019une fois instaur\u00e9es, elles sont l\u00e0, pour toujours. Les institutions ne valent que par ceux qui &#8230;<\/p>\n<\/div>\n<p>Auteur:<br \/>\n<a href=\"https:\/\/www.leaders.com.tn\/article\/32509-tunisie-ou-est-l-etat\">Cliquez ici pour lire l&rsquo;article depuis sa source.<\/a><\/p>\n","protected":false},"excerpt":{"rendered":"<p>Par\u00a0 Azza Filali &#8211; Par cette belle lumi\u00e8re d\u2019Octobre, un constat douloureux s\u2019impose \u00e0 nous : l\u2019Etat Tunisien vacille. Ce qu\u2019il est convenu d\u2019appeler l\u2019appareil d\u2019\u00e9tat (gouvernement, institutions, pr\u00e9sidence de la r\u00e9publique) puis toutes les structures qui en d\u00e9coulent : institutions publiques, structures d\u2019enseignement, de soins, et autres\u2026 Tout cela se d\u00e9sagr\u00e8ge. Fragilis\u00e9, voire mis [&hellip;]<\/p>\n","protected":false},"author":1772,"featured_media":0,"comment_status":"closed","ping_status":"closed","sticky":false,"template":"","format":"standard","meta":{"fifu_image_url":"http:\/\/www.leaders.com.tn\/uploads\/content\/thumbnails_small\/1633869312_article.jpg","fifu_image_alt":"Tunisie : o\u00f9 est l\u2019Etat ?","footnotes":""},"categories":[73,55],"tags":[],"class_list":["post-129583","post","type-post","status-publish","format-standard","hentry","category-actualite","category-tunisie"],"_links":{"self":[{"href":"https:\/\/linitiative.ca\/International\/wp-json\/wp\/v2\/posts\/129583","targetHints":{"allow":["GET"]}}],"collection":[{"href":"https:\/\/linitiative.ca\/International\/wp-json\/wp\/v2\/posts"}],"about":[{"href":"https:\/\/linitiative.ca\/International\/wp-json\/wp\/v2\/types\/post"}],"author":[{"embeddable":true,"href":"https:\/\/linitiative.ca\/International\/wp-json\/wp\/v2\/users\/1772"}],"replies":[{"embeddable":true,"href":"https:\/\/linitiative.ca\/International\/wp-json\/wp\/v2\/comments?post=129583"}],"version-history":[{"count":0,"href":"https:\/\/linitiative.ca\/International\/wp-json\/wp\/v2\/posts\/129583\/revisions"}],"wp:attachment":[{"href":"https:\/\/linitiative.ca\/International\/wp-json\/wp\/v2\/media?parent=129583"}],"wp:term":[{"taxonomy":"category","embeddable":true,"href":"https:\/\/linitiative.ca\/International\/wp-json\/wp\/v2\/categories?post=129583"},{"taxonomy":"post_tag","embeddable":true,"href":"https:\/\/linitiative.ca\/International\/wp-json\/wp\/v2\/tags?post=129583"}],"curies":[{"name":"wp","href":"https:\/\/api.w.org\/{rel}","templated":true}]}}