{"id":129586,"date":"2021-10-10T06:00:00","date_gmt":"2021-10-10T10:00:00","guid":{"rendered":"https:\/\/linitiative.ca\/International\/lamamra-sur-les-traces-de-belmadi\/"},"modified":"2021-10-10T06:00:00","modified_gmt":"2021-10-10T10:00:00","slug":"lamamra-sur-les-traces-de-belmadi","status":"publish","type":"post","link":"https:\/\/linitiative.ca\/International\/lamamra-sur-les-traces-de-belmadi\/","title":{"rendered":"Lamamra sur les traces de Belmadi"},"content":{"rendered":"<div>Le ministre des Affaires \u00e9trang\u00e8res n&rsquo;a pu faire de d\u00e9claration en marge de la c\u00e9l\u00e9bration de la Journ\u00e9e nationale de la diplomatie qui s&rsquo;est tenue au si\u00e8ge de ce d\u00e9partement. La raison : l&rsquo;anarchie provoqu\u00e9e par certains<\/div>\n<p>Auteur:<br \/>\n<a href=\"https:\/\/www.lesoirdalgerie.com\/periscoop\/lamamra-sur-les-traces-de-belmadi-68711\">Cliquez ici pour lire l&rsquo;article depuis sa source.<\/a><\/p>\n","protected":false},"excerpt":{"rendered":"<p>Le ministre des Affaires \u00e9trang\u00e8res n&rsquo;a pu faire de d\u00e9claration en marge de la c\u00e9l\u00e9bration de la Journ\u00e9e nationale de la diplomatie qui s&rsquo;est tenue au si\u00e8ge de ce d\u00e9partement. La raison : l&rsquo;anarchie provoqu\u00e9e par certains Auteur: Cliquez ici pour lire l&rsquo;article depuis sa source.<\/p>\n","protected":false},"author":1741,"featured_media":0,"comment_status":"closed","ping_status":"closed","sticky":false,"template":"","format":"standard","meta":{"fifu_image_url":"","fifu_image_alt":"","footnotes":""},"categories":[73,53],"tags":[],"class_list":["post-129586","post","type-post","status-publish","format-standard","hentry","category-actualite","category-algerie"],"_links":{"self":[{"href":"https:\/\/linitiative.ca\/International\/wp-json\/wp\/v2\/posts\/129586","targetHints":{"allow":["GET"]}}],"collection":[{"href":"https:\/\/linitiative.ca\/International\/wp-json\/wp\/v2\/posts"}],"about":[{"href":"https:\/\/linitiative.ca\/International\/wp-json\/wp\/v2\/types\/post"}],"author":[{"embeddable":true,"href":"https:\/\/linitiative.ca\/International\/wp-json\/wp\/v2\/users\/1741"}],"replies":[{"embeddable":true,"href":"https:\/\/linitiative.ca\/International\/wp-json\/wp\/v2\/comments?post=129586"}],"version-history":[{"count":0,"href":"https:\/\/linitiative.ca\/International\/wp-json\/wp\/v2\/posts\/129586\/revisions"}],"wp:attachment":[{"href":"https:\/\/linitiative.ca\/International\/wp-json\/wp\/v2\/media?parent=129586"}],"wp:term":[{"taxonomy":"category","embeddable":true,"href":"https:\/\/linitiative.ca\/International\/wp-json\/wp\/v2\/categories?post=129586"},{"taxonomy":"post_tag","embeddable":true,"href":"https:\/\/linitiative.ca\/International\/wp-json\/wp\/v2\/tags?post=129586"}],"curies":[{"name":"wp","href":"https:\/\/api.w.org\/{rel}","templated":true}]}}