{"id":129590,"date":"2021-10-10T07:05:00","date_gmt":"2021-10-10T11:05:00","guid":{"rendered":"https:\/\/linitiative.ca\/International\/nomination-de-staffan-de-mistura-leffronterie-algerienne-par-lahcen-haddad\/"},"modified":"2021-10-10T07:05:00","modified_gmt":"2021-10-10T11:05:00","slug":"nomination-de-staffan-de-mistura-leffronterie-algerienne-par-lahcen-haddad","status":"publish","type":"post","link":"https:\/\/linitiative.ca\/International\/nomination-de-staffan-de-mistura-leffronterie-algerienne-par-lahcen-haddad\/","title":{"rendered":"Nomination de Staffan de Mistura. L\u2019effronterie alg\u00e9rienne [Par Lahcen Haddad]"},"content":{"rendered":"<div><img decoding=\"async\" width=\"580\" height=\"384\" src=\"https:\/\/linitiative.ca\/International\/wp-content\/uploads\/sites\/23\/2021\/10\/HADDAD.jpg\" class=\"attachment-post-thumbnail size-post-thumbnail wp-post-image\" alt=\"\" loading=\"lazy\" srcset=\"https:\/\/linitiative.ca\/International\/wp-content\/uploads\/sites\/23\/2021\/10\/HADDAD.jpg 580w, https:\/\/www.challenge.ma\/wp-content\/uploads\/2021\/10\/HADDAD-300x199.jpg 300w, https:\/\/www.challenge.ma\/wp-content\/uploads\/2021\/10\/HADDAD-360x238.jpg 360w\" sizes=\"auto, (max-width: 580px) 100vw, 580px\" itemprop=\"image\">En guise de r\u00e9action \u00e0 la nomination de Staffan de Mistura, en tant qu\u2019envoy\u00e9 du Secr\u00e9taire G\u00e9n\u00e9ral de l\u2019ONU au Sahara Occidental, l\u2019Alg\u00e9rie demande, par le biais du porte-parole du d\u00e9partement des Affaires Etrang\u00e8res, la d\u00e9militarisation de la zone des Guergarat, qu\u2019il appelle\u00ab\u00a0la pierre angulaire de tout processus politique cr\u00e9dible<\/div>\n<p>Auteur: challenge<br \/>\n<a href=\"https:\/\/www.challenge.ma\/nomination-de-staffan-de-mistura-leffronterie-algerienne-par-lahcen-haddad-223164\/\">Cliquez ici pour lire l&rsquo;article depuis sa source.<\/a><\/p>\n","protected":false},"excerpt":{"rendered":"<p>En guise de r\u00e9action \u00e0 la nomination de Staffan de Mistura, en tant qu\u2019envoy\u00e9 du Secr\u00e9taire G\u00e9n\u00e9ral de l\u2019ONU au Sahara Occidental, l\u2019Alg\u00e9rie demande, par le biais du porte-parole du d\u00e9partement des Affaires Etrang\u00e8res, la d\u00e9militarisation de la zone des Guergarat, qu\u2019il appelle\u00ab\u00a0la pierre angulaire de tout processus politique cr\u00e9dible Auteur: challenge Cliquez ici pour [&hellip;]<\/p>\n","protected":false},"author":1787,"featured_media":0,"comment_status":"closed","ping_status":"closed","sticky":false,"template":"","format":"standard","meta":{"fifu_image_url":"https:\/\/www.challenge.ma\/wp-content\/uploads\/2021\/10\/HADDAD.jpg","fifu_image_alt":"Nomination de Staffan de Mistura. L\u2019effronterie alg\u00e9rienne [Par Lahcen Haddad]","footnotes":""},"categories":[78,54],"tags":[],"class_list":["post-129590","post","type-post","status-publish","format-standard","hentry","category-economie","category-maroc"],"_links":{"self":[{"href":"https:\/\/linitiative.ca\/International\/wp-json\/wp\/v2\/posts\/129590","targetHints":{"allow":["GET"]}}],"collection":[{"href":"https:\/\/linitiative.ca\/International\/wp-json\/wp\/v2\/posts"}],"about":[{"href":"https:\/\/linitiative.ca\/International\/wp-json\/wp\/v2\/types\/post"}],"author":[{"embeddable":true,"href":"https:\/\/linitiative.ca\/International\/wp-json\/wp\/v2\/users\/1787"}],"replies":[{"embeddable":true,"href":"https:\/\/linitiative.ca\/International\/wp-json\/wp\/v2\/comments?post=129590"}],"version-history":[{"count":0,"href":"https:\/\/linitiative.ca\/International\/wp-json\/wp\/v2\/posts\/129590\/revisions"}],"wp:attachment":[{"href":"https:\/\/linitiative.ca\/International\/wp-json\/wp\/v2\/media?parent=129590"}],"wp:term":[{"taxonomy":"category","embeddable":true,"href":"https:\/\/linitiative.ca\/International\/wp-json\/wp\/v2\/categories?post=129590"},{"taxonomy":"post_tag","embeddable":true,"href":"https:\/\/linitiative.ca\/International\/wp-json\/wp\/v2\/tags?post=129590"}],"curies":[{"name":"wp","href":"https:\/\/api.w.org\/{rel}","templated":true}]}}