{"id":129594,"date":"2021-10-10T09:19:54","date_gmt":"2021-10-10T13:19:54","guid":{"rendered":"https:\/\/linitiative.ca\/International\/valeur-marchande-des-equipes-nationales-le-maroc-4eme-africain-et-22-eme-mondial\/"},"modified":"2021-10-10T09:19:54","modified_gmt":"2021-10-10T13:19:54","slug":"valeur-marchande-des-equipes-nationales-le-maroc-4eme-africain-et-22-eme-mondial","status":"publish","type":"post","link":"https:\/\/linitiative.ca\/International\/valeur-marchande-des-equipes-nationales-le-maroc-4eme-africain-et-22-eme-mondial\/","title":{"rendered":"Valeur marchande des \u00e9quipes nationales. Le Maroc 4\u00e8me africain et 22 \u00e8me mondial"},"content":{"rendered":"<div><img decoding=\"async\" width=\"733\" height=\"461\" src=\"https:\/\/linitiative.ca\/International\/wp-content\/uploads\/sites\/23\/2021\/10\/maroc.jpg\" class=\"attachment-post-thumbnail size-post-thumbnail wp-post-image\" alt=\"\" loading=\"lazy\" srcset=\"https:\/\/linitiative.ca\/International\/wp-content\/uploads\/sites\/23\/2021\/10\/maroc.jpg 733w, https:\/\/www.challenge.ma\/wp-content\/uploads\/2021\/10\/maroc-300x189.jpg 300w, https:\/\/www.challenge.ma\/wp-content\/uploads\/2021\/10\/maroc-360x226.jpg 360w\" sizes=\"auto, (max-width: 733px) 100vw, 733px\" itemprop=\"image\">Le site Transfermarkt, qui propose la plus grosse base de donn\u00e9es en acc\u00e8s libre de la plan\u00e8te foot, a d\u00e9voil\u00e9 son classement mondial des nations les plus ch\u00e8res en termes d\u2019effectifs. La s\u00e9lection marocaine de football arrive en quatri\u00e8me position au niveau africain et 22 \u00e8me \u00e0 l\u2019\u00e9chelle mondiale. Les<\/div>\n<p>Auteur: Adama Sylla<br \/>\n<a href=\"https:\/\/www.challenge.ma\/valeur-marchande-des-equipes-nationales-le-maroc-4eme-africain-et-22-eme-mondial-223172\/\">Cliquez ici pour lire l&rsquo;article depuis sa source.<\/a><\/p>\n","protected":false},"excerpt":{"rendered":"<p>Le site Transfermarkt, qui propose la plus grosse base de donn\u00e9es en acc\u00e8s libre de la plan\u00e8te foot, a d\u00e9voil\u00e9 son classement mondial des nations les plus ch\u00e8res en termes d\u2019effectifs. La s\u00e9lection marocaine de football arrive en quatri\u00e8me position au niveau africain et 22 \u00e8me \u00e0 l\u2019\u00e9chelle mondiale. Les Auteur: Adama Sylla Cliquez ici [&hellip;]<\/p>\n","protected":false},"author":1787,"featured_media":0,"comment_status":"closed","ping_status":"closed","sticky":false,"template":"","format":"standard","meta":{"fifu_image_url":"https:\/\/www.challenge.ma\/wp-content\/uploads\/2021\/10\/maroc.jpg","fifu_image_alt":"Valeur marchande des \u00e9quipes nationales. Le Maroc 4\u00e8me africain et 22 \u00e8me mondial","footnotes":""},"categories":[78,54],"tags":[],"class_list":["post-129594","post","type-post","status-publish","format-standard","hentry","category-economie","category-maroc"],"_links":{"self":[{"href":"https:\/\/linitiative.ca\/International\/wp-json\/wp\/v2\/posts\/129594","targetHints":{"allow":["GET"]}}],"collection":[{"href":"https:\/\/linitiative.ca\/International\/wp-json\/wp\/v2\/posts"}],"about":[{"href":"https:\/\/linitiative.ca\/International\/wp-json\/wp\/v2\/types\/post"}],"author":[{"embeddable":true,"href":"https:\/\/linitiative.ca\/International\/wp-json\/wp\/v2\/users\/1787"}],"replies":[{"embeddable":true,"href":"https:\/\/linitiative.ca\/International\/wp-json\/wp\/v2\/comments?post=129594"}],"version-history":[{"count":0,"href":"https:\/\/linitiative.ca\/International\/wp-json\/wp\/v2\/posts\/129594\/revisions"}],"wp:attachment":[{"href":"https:\/\/linitiative.ca\/International\/wp-json\/wp\/v2\/media?parent=129594"}],"wp:term":[{"taxonomy":"category","embeddable":true,"href":"https:\/\/linitiative.ca\/International\/wp-json\/wp\/v2\/categories?post=129594"},{"taxonomy":"post_tag","embeddable":true,"href":"https:\/\/linitiative.ca\/International\/wp-json\/wp\/v2\/tags?post=129594"}],"curies":[{"name":"wp","href":"https:\/\/api.w.org\/{rel}","templated":true}]}}