{"id":129596,"date":"2021-10-10T09:41:42","date_gmt":"2021-10-10T13:41:42","guid":{"rendered":"https:\/\/linitiative.ca\/International\/expo-2020-dubai-le-maroc-lance-sa-marque-dinvestissement-et-dexport-morocco-now\/"},"modified":"2021-10-10T09:41:42","modified_gmt":"2021-10-10T13:41:42","slug":"expo-2020-dubai-le-maroc-lance-sa-marque-dinvestissement-et-dexport-morocco-now","status":"publish","type":"post","link":"https:\/\/linitiative.ca\/International\/expo-2020-dubai-le-maroc-lance-sa-marque-dinvestissement-et-dexport-morocco-now\/","title":{"rendered":"Expo 2020 Duba\u00ef. Le Maroc lance sa marque d\u2019investissement et d\u2019export Morocco Now"},"content":{"rendered":"<div><img decoding=\"async\" width=\"600\" height=\"415\" src=\"https:\/\/linitiative.ca\/International\/wp-content\/uploads\/sites\/23\/2021\/10\/Morocco-NOW-600-x-415.jpg\" class=\"attachment-post-thumbnail size-post-thumbnail wp-post-image\" alt=\"\" loading=\"lazy\" srcset=\"https:\/\/linitiative.ca\/International\/wp-content\/uploads\/sites\/23\/2021\/10\/Morocco-NOW-600-x-415.jpg 600w, https:\/\/www.challenge.ma\/wp-content\/uploads\/2021\/10\/Morocco-NOW-600-x-415-300x208.jpg 300w, https:\/\/www.challenge.ma\/wp-content\/uploads\/2021\/10\/Morocco-NOW-600-x-415-360x249.jpg 360w\" sizes=\"auto, (max-width: 600px) 100vw, 600px\" itemprop=\"image\">\u00c0 l\u2019occasion de sa participation \u00e0 l\u2019Expo 2020 Duba\u00ef, le Maroc vient fra\u00eechement de lancer officiellement et \u00e0 l\u2019international sa marque d\u2019investissement et d\u2019export. Baptis\u00e9e Morocco Now, cette nouvelle identit\u00e9 entend proposer aux investisseurs une nouvelle plateforme d\u2019investissement dite d\u00e9carbon\u00e9e et surtout comp\u00e9titive. Une initiative qui a pour objectif de<\/div>\n<p>Auteur: David J\u00e9r\u00e9mie<br \/>\n<a href=\"https:\/\/www.challenge.ma\/expo-2020-dubai-le-maroc-lance-sa-marque-dinvestissement-et-dexport-morocco-now-223178\/\">Cliquez ici pour lire l&rsquo;article depuis sa source.<\/a><\/p>\n","protected":false},"excerpt":{"rendered":"<p>\u00c0 l\u2019occasion de sa participation \u00e0 l\u2019Expo 2020 Duba\u00ef, le Maroc vient fra\u00eechement de lancer officiellement et \u00e0 l\u2019international sa marque d\u2019investissement et d\u2019export. Baptis\u00e9e Morocco Now, cette nouvelle identit\u00e9 entend proposer aux investisseurs une nouvelle plateforme d\u2019investissement dite d\u00e9carbon\u00e9e et surtout comp\u00e9titive. Une initiative qui a pour objectif de Auteur: David J\u00e9r\u00e9mie Cliquez ici [&hellip;]<\/p>\n","protected":false},"author":1787,"featured_media":0,"comment_status":"closed","ping_status":"closed","sticky":false,"template":"","format":"standard","meta":{"fifu_image_url":"https:\/\/www.challenge.ma\/wp-content\/uploads\/2021\/10\/Morocco-NOW-600-x-415.jpg","fifu_image_alt":"Expo 2020 Duba\u00ef. Le Maroc lance sa marque d\u2019investissement et d\u2019export Morocco Now","footnotes":""},"categories":[78,54],"tags":[],"class_list":["post-129596","post","type-post","status-publish","format-standard","hentry","category-economie","category-maroc"],"_links":{"self":[{"href":"https:\/\/linitiative.ca\/International\/wp-json\/wp\/v2\/posts\/129596","targetHints":{"allow":["GET"]}}],"collection":[{"href":"https:\/\/linitiative.ca\/International\/wp-json\/wp\/v2\/posts"}],"about":[{"href":"https:\/\/linitiative.ca\/International\/wp-json\/wp\/v2\/types\/post"}],"author":[{"embeddable":true,"href":"https:\/\/linitiative.ca\/International\/wp-json\/wp\/v2\/users\/1787"}],"replies":[{"embeddable":true,"href":"https:\/\/linitiative.ca\/International\/wp-json\/wp\/v2\/comments?post=129596"}],"version-history":[{"count":0,"href":"https:\/\/linitiative.ca\/International\/wp-json\/wp\/v2\/posts\/129596\/revisions"}],"wp:attachment":[{"href":"https:\/\/linitiative.ca\/International\/wp-json\/wp\/v2\/media?parent=129596"}],"wp:term":[{"taxonomy":"category","embeddable":true,"href":"https:\/\/linitiative.ca\/International\/wp-json\/wp\/v2\/categories?post=129596"},{"taxonomy":"post_tag","embeddable":true,"href":"https:\/\/linitiative.ca\/International\/wp-json\/wp\/v2\/tags?post=129596"}],"curies":[{"name":"wp","href":"https:\/\/api.w.org\/{rel}","templated":true}]}}