{"id":129608,"date":"2021-10-10T16:51:15","date_gmt":"2021-10-10T20:51:15","guid":{"rendered":"https:\/\/linitiative.ca\/International\/forum-national-des-jeunes-des-participants-reagissent\/"},"modified":"2021-10-10T16:51:15","modified_gmt":"2021-10-10T20:51:15","slug":"forum-national-des-jeunes-des-participants-reagissent","status":"publish","type":"post","link":"https:\/\/linitiative.ca\/International\/forum-national-des-jeunes-des-participants-reagissent\/","title":{"rendered":"Forum national des jeunes  : des participants r\u00e9agissent"},"content":{"rendered":"<div>\n<p><strong>A l\u2019issue de la VIIIe \u00e9dition du forum national des jeunes, des participants ont salu\u00e9 l\u2019initiative de la rencontre et plaid\u00e9 pour la prise en compte des recommandations.<\/strong><\/p>\n<p><strong><img decoding=\"async\" loading=\"lazy\" class=\"size-medium wp-image-40583 alignleft\" src=\"https:\/\/linitiative.ca\/International\/wp-content\/uploads\/sites\/23\/2021\/10\/2-8-300x225-1.jpg\" alt=\"\" width=\"300\" height=\"225\" srcset=\"https:\/\/linitiative.ca\/International\/wp-content\/uploads\/sites\/23\/2021\/10\/2-8-300x225-1.jpg 300w, https:\/\/www.sidwaya.info\/wp-content\/uploads\/2021\/10\/2-8-150x113.jpg 150w, https:\/\/www.sidwaya.info\/wp-content\/uploads\/2021\/10\/2-8-559x420.jpg 559w, https:\/\/www.sidwaya.info\/wp-content\/uploads\/2021\/10\/2-8-80x60.jpg 80w, https:\/\/www.sidwaya.info\/wp-content\/uploads\/2021\/10\/2-8-265x198.jpg 265w, https:\/\/www.sidwaya.info\/wp-content\/uploads\/2021\/10\/2-8.jpg 595w\" sizes=\"auto, (max-width: 300px) 100vw, 300px\">Abdoul Aziz Kafando<\/strong>, responsable de l\u2019association \u2018\u2019Leadership jeune pour la paix et le d\u00e9veloppement en Afrique\u2019\u2019 (LEJEPAD) : \u00ab Avec la jeunesse, la r\u00e9conciliation est possible si nous savons utiliser de bons leviers \u00bb. \u00ab Ce forum a \u00e9t\u00e9 tr\u00e8s riche au regard du th\u00e8me. Il a permis aux jeunes de s\u2019interroger, pour voir comment ils pourront apporter leurs contributions pour r\u00e9soudre les probl\u00e8mes auxquels notre pays est confront\u00e9. Avec la jeunesse, la r\u00e9conciliation est possible, si nous savons utiliser de bons leviers, en ayant des r\u00e8gles et des principes assez viables, qui permettent de dialoguer. Elle peut agir efficacement avec des m\u00e9thodes pacifiques, en faisant la promotion du dialogue, afin de b\u00e2tir ensemble le Burkina Faso\u00bb.<\/p>\n<p><strong> Malbila Yero<\/strong>, pr\u00e9sident du R\u00e9seau d\u2019anciens volontaires internationaux de r\u00e9ciprocit\u00e9, d\u2019\u00e9changes et de solidarit\u00e9 au Burkina Faso (RAVIRES-BF) : \u00abLa r\u00e9conciliation est possible sans la politique \u00bb \u00ab Au regard du th\u00e8me, les jeunes ont donn\u00e9 leur avis sur la r\u00e9conciliation, parce que cette question de la r\u00e9conciliation ne se limite pas au niveau politique. Ce n\u2019est pas aux autorit\u00e9s seules de prendre \u00e0 bras- le- corps la d\u00e9marche. La jeunesse est consciente et elle doit agir positivement au quotidien pour la r\u00e9conciliation. Vu les conclusions des travaux, nous pensons que la r\u00e9conciliation est toujours possible \u00e0 travers les jeunes. Ils doivent exclure la politique et les int\u00e9r\u00eats individuels, en prenant l\u2019exemple sur comment se pardonnaient et se r\u00e9conciliaient nos anc\u00eatres \u00e0 l\u2019\u00e9poque \u00bb.<\/p>\n<p><strong> Enok Madi Nana<\/strong>, leader d\u2019association : \u00ab Les autorit\u00e9s prendront en compte les voix des jeunes, pour que la paix revienne au Faso \u00bb \u00ab Nous rendons gr\u00e2ce \u00e0 Dieu pour ce forum, car les d\u00e9bats ont \u00e9t\u00e9 tr\u00e8s riches et men\u00e9s \u00e0 c\u0153ur ouvert. A l\u2019issue de ce forum, les jeunes sont dor\u00e9navant bien outill\u00e9s sur la notion de r\u00e9conciliation au Burkina Faso. Ils ont tous reconnu l\u2019importance de la r\u00e9conciliation et ils pourront partager les informations re\u00e7ues sur ce concept de retour dans leurs r\u00e9gions \u00bb.<\/p>\n<p><strong><img decoding=\"async\" loading=\"lazy\" class=\"size-medium wp-image-40584 alignright\" src=\"https:\/\/linitiative.ca\/International\/wp-content\/uploads\/sites\/23\/2021\/10\/3-6-300x225-1.jpg\" alt=\"\" width=\"300\" height=\"225\" srcset=\"https:\/\/linitiative.ca\/International\/wp-content\/uploads\/sites\/23\/2021\/10\/3-6-300x225-1.jpg 300w, https:\/\/www.sidwaya.info\/wp-content\/uploads\/2021\/10\/3-6-150x113.jpg 150w, https:\/\/www.sidwaya.info\/wp-content\/uploads\/2021\/10\/3-6-559x420.jpg 559w, https:\/\/www.sidwaya.info\/wp-content\/uploads\/2021\/10\/3-6-80x60.jpg 80w, https:\/\/www.sidwaya.info\/wp-content\/uploads\/2021\/10\/3-6-265x198.jpg 265w, https:\/\/www.sidwaya.info\/wp-content\/uploads\/2021\/10\/3-6.jpg 595w\" sizes=\"auto, (max-width: 300px) 100vw, 300px\">L\u00e9a Kombasser\u00e9<\/strong> de l\u2019association Pengd-wend\u00e9 de Villy : \u00ab Mettre l\u2019accent sur la construction des \u00e9tablissements techniques \u00bb \u00ab Nous avons appr\u00e9ci\u00e9 cette rencontre qui nous a \u00e9t\u00e9 tr\u00e8s b\u00e9n\u00e9fique, avec les communications des diff\u00e9rents ministres. Ce forum a plac\u00e9 la jeunesse au c\u0153ur de la r\u00e9conciliation certes, mais il faut reconna\u00eetre que dans le ch\u00f4mage, on ne peut parler de r\u00e9conciliation. Il faut que les autorit\u00e9s mettent l\u2019accent sur la construction des \u00e9tablissements d\u2019enseignement technique\u00bb.<\/p>\n<p><strong><img decoding=\"async\" loading=\"lazy\" class=\"size-medium wp-image-40585 alignleft\" src=\"https:\/\/linitiative.ca\/International\/wp-content\/uploads\/sites\/23\/2021\/10\/4-3-300x225-1.jpg\" alt=\"\" width=\"300\" height=\"225\" srcset=\"https:\/\/linitiative.ca\/International\/wp-content\/uploads\/sites\/23\/2021\/10\/4-3-300x225-1.jpg 300w, https:\/\/www.sidwaya.info\/wp-content\/uploads\/2021\/10\/4-3-150x113.jpg 150w, https:\/\/www.sidwaya.info\/wp-content\/uploads\/2021\/10\/4-3-559x420.jpg 559w, https:\/\/www.sidwaya.info\/wp-content\/uploads\/2021\/10\/4-3-80x60.jpg 80w, https:\/\/www.sidwaya.info\/wp-content\/uploads\/2021\/10\/4-3-265x198.jpg 265w, https:\/\/www.sidwaya.info\/wp-content\/uploads\/2021\/10\/4-3.jpg 595w\" sizes=\"auto, (max-width: 300px) 100vw, 300px\">Job Zoundi<\/strong>, pr\u00e9sident CPJ\/Passor\u00e9 : \u00ab La jeunesse a sa part de responsabilit\u00e9 dans tous les secteurs de d\u00e9veloppement \u00bb \u00ab Nous pensons que la jeunesse est indispensable dans le processus de r\u00e9conciliation, au regard de la crise s\u00e9curitaire que traverse notre pays. La jeunesse a sa part de responsabilit\u00e9 dans tous les secteurs de d\u00e9veloppement et elle doit \u00eatre beaucoup sensibilis\u00e9e pour relever ce d\u00e9fi. A travers un dialogue franc, nous pouvons changer la mentalit\u00e9 de ceux qui nous attaquent\u00bb.<\/p>\n<p><strong>Soaliho Camara<\/strong>, pr\u00e9sident CPJ\/Banwa : \u00ab Avoir un emploi n\u2019est pas facteur de r\u00e9conciliation \u00bb \u00ab Le contenu des th\u00e8mes \u00e9voqu\u00e9s est d\u2019actualit\u00e9. Aujourd\u2019hui, la r\u00e9conciliation est le poumon de tous les d\u00e9bats, que ce soit sur le plan national ou international. Notre jeunesse doit \u00eatre soud\u00e9e\u00bb.<\/p>\n<p><strong><img decoding=\"async\" loading=\"lazy\" class=\"size-medium wp-image-40582 alignright\" src=\"https:\/\/linitiative.ca\/International\/wp-content\/uploads\/sites\/23\/2021\/10\/1-22-300x225-1.jpg\" alt=\"\" width=\"300\" height=\"225\" srcset=\"https:\/\/linitiative.ca\/International\/wp-content\/uploads\/sites\/23\/2021\/10\/1-22-300x225-1.jpg 300w, https:\/\/www.sidwaya.info\/wp-content\/uploads\/2021\/10\/1-22-150x113.jpg 150w, https:\/\/www.sidwaya.info\/wp-content\/uploads\/2021\/10\/1-22-559x420.jpg 559w, https:\/\/www.sidwaya.info\/wp-content\/uploads\/2021\/10\/1-22-80x60.jpg 80w, https:\/\/www.sidwaya.info\/wp-content\/uploads\/2021\/10\/1-22-265x198.jpg 265w, https:\/\/www.sidwaya.info\/wp-content\/uploads\/2021\/10\/1-22.jpg 595w\" sizes=\"auto, (max-width: 300px) 100vw, 300px\">Alida Laure Sia<\/strong> du CPJ\/Sourou : \u00ab Il faut que les jeunes eux-m\u00eames se r\u00e9concilient avant de parler de r\u00e9conciliation \u00bb \u00abNous pensons que pour un d\u00e9veloppement durable au Burkina Faso, il faut forc\u00e9ment impliquer les jeunes. Mais qu\u2019ils se r\u00e9concilient avec eux-m\u00eames d\u2019abord avant la r\u00e9conciliation nationale. Il faut \u00e9galement qu\u2019au sein des communaut\u00e9s, qu\u2019ils puissent avoir de bonnes relations entre eux en organisant des \u00e9v\u00e9nements pour se donner de bonnes id\u00e9es sur la r\u00e9conciliation.<\/p>\n<p><strong>Louis Tiendr\u00e9beogo<\/strong> du Conseil national de la jeunesse catholique : \u00ab Vu qu\u2019il y a des conflits dans notre pays, la r\u00e9conciliation est n\u00e9cessaire \u00bb \u00ab Le th\u00e8me est appr\u00e9ciable. Parler de la r\u00e9conciliation dans notre pays actuellement est tr\u00e8s important. La jeunesse est le moteur et l\u2019avenir du pays. Nous pensons que beaucoup de nos fr\u00e8res ont \u00e9t\u00e9 recrut\u00e9s par des terroristes qui nous attaquent. La seule raison qui explique cette gangr\u00e8ne, est le ch\u00f4mage et le gouvernement doit vite revoir la copie, en leur cr\u00e9ant des emplois. Ils ont des id\u00e9es de projets mais ils n\u2019ont pas acc\u00e8s aux financements \u00bb.<\/p>\n<p>Val\u00e9rie Bamouni, \u00e9tudiante en licence professionnelle, GRH : \u00ab Nous n\u2019avons pas \u00e9t\u00e9 satisfaits des r\u00e9ponses \u00e0 nos pr\u00e9occupations \u00bb \u00ab Nous pensons que le th\u00e8me choisi ne correspond pas aux pr\u00e9occupations actuelles de la jeunesse. Nous avons besoin des financements pour nos projets. Il faudra que le gouvernement se penche s\u00e9rieusement sur la question du ch\u00f4mage des jeunes. Dans le ch\u00f4mage, la pauvret\u00e9 et la faim, il ne peut pas y avoir une r\u00e9elle r\u00e9conciliation. Il faudra que la jeunesse qui s\u2019exprime soit capable de montrer aussi aux hommes politiques, qu\u2019elle est capable de donner le meilleur d\u2019elle-m\u00eame \u00bb .<\/p>\n<p>L\u2019article <a rel=\"nofollow\" href=\"https:\/\/www.sidwaya.info\/blog\/2021\/10\/10\/forum-national-des-jeunes-des-participants-reagissent\/\">Forum national des jeunes  : des participants r\u00e9agissent<\/a> est apparu en premier sur <a rel=\"nofollow\" href=\"https:\/\/www.sidwaya.info\/\">Quotidien Sidwaya<\/a>.<\/p>\n<\/div>\n<p>Auteur: BM. Sidwaya<br \/>\n<a href=\"https:\/\/www.sidwaya.info\/blog\/2021\/10\/10\/forum-national-des-jeunes-des-participants-reagissent\/\">Cliquez ici pour lire l&rsquo;article depuis sa source.<\/a><\/p>\n","protected":false},"excerpt":{"rendered":"<p>A l\u2019issue de la VIIIe \u00e9dition du forum national des jeunes, des participants ont salu\u00e9 l\u2019initiative de la rencontre et plaid\u00e9 pour la prise en compte des recommandations. Abdoul Aziz Kafando, responsable de l\u2019association \u2018\u2019Leadership jeune pour la paix et le d\u00e9veloppement en Afrique\u2019\u2019 (LEJEPAD) : \u00ab Avec la jeunesse, la r\u00e9conciliation est possible si [&hellip;]<\/p>\n","protected":false},"author":1816,"featured_media":0,"comment_status":"closed","ping_status":"closed","sticky":false,"template":"","format":"standard","meta":{"fifu_image_url":"https:\/\/www.sidwaya.info\/wp-content\/uploads\/2021\/10\/2-8-300x225.jpg","fifu_image_alt":"Forum national des jeunes  : des participants r\u00e9agissent","footnotes":""},"categories":[73,81],"tags":[],"class_list":["post-129608","post","type-post","status-publish","format-standard","hentry","category-actualite","category-burkina-faso"],"_links":{"self":[{"href":"https:\/\/linitiative.ca\/International\/wp-json\/wp\/v2\/posts\/129608","targetHints":{"allow":["GET"]}}],"collection":[{"href":"https:\/\/linitiative.ca\/International\/wp-json\/wp\/v2\/posts"}],"about":[{"href":"https:\/\/linitiative.ca\/International\/wp-json\/wp\/v2\/types\/post"}],"author":[{"embeddable":true,"href":"https:\/\/linitiative.ca\/International\/wp-json\/wp\/v2\/users\/1816"}],"replies":[{"embeddable":true,"href":"https:\/\/linitiative.ca\/International\/wp-json\/wp\/v2\/comments?post=129608"}],"version-history":[{"count":0,"href":"https:\/\/linitiative.ca\/International\/wp-json\/wp\/v2\/posts\/129608\/revisions"}],"wp:attachment":[{"href":"https:\/\/linitiative.ca\/International\/wp-json\/wp\/v2\/media?parent=129608"}],"wp:term":[{"taxonomy":"category","embeddable":true,"href":"https:\/\/linitiative.ca\/International\/wp-json\/wp\/v2\/categories?post=129608"},{"taxonomy":"post_tag","embeddable":true,"href":"https:\/\/linitiative.ca\/International\/wp-json\/wp\/v2\/tags?post=129608"}],"curies":[{"name":"wp","href":"https:\/\/api.w.org\/{rel}","templated":true}]}}