{"id":129615,"date":"2021-10-10T17:05:42","date_gmt":"2021-10-10T21:05:42","guid":{"rendered":"https:\/\/linitiative.ca\/International\/forum-national-des-jeunes-a-koudougou-le-president-du-faso-roch-kabore-reaffirme-sa-foi-en-la-jeunesse\/"},"modified":"2021-10-10T17:05:42","modified_gmt":"2021-10-10T21:05:42","slug":"forum-national-des-jeunes-a-koudougou-le-president-du-faso-roch-kabore-reaffirme-sa-foi-en-la-jeunesse","status":"publish","type":"post","link":"https:\/\/linitiative.ca\/International\/forum-national-des-jeunes-a-koudougou-le-president-du-faso-roch-kabore-reaffirme-sa-foi-en-la-jeunesse\/","title":{"rendered":"Forum national des jeunes \u00e0 Koudougou  : le Pr\u00e9sident du Faso Roch Kabor\u00e9  r\u00e9affirme sa foi en la jeunesse"},"content":{"rendered":"<div>\n<p><strong>Le forum national des jeunes a pris fin, le samedi 9 octobre 2021 \u00e0 Koudougou, par la rencontre d\u2019\u00e9changes directs entre le pr\u00e9sident du Faso et les jeunes venus des 45 provinces du pays. A l\u2019occasion, le chef de l\u2019Etat a r\u00e9affirm\u00e9 sa foi en la jeunesse et l\u2019engagement de son gouvernement \u00e0 \u0153uvrer pour l\u2019\u00e9panouissement des jeunes. <\/strong><\/p>\n<figure id=\"attachment_40595\" aria-describedby=\"caption-attachment-40595\" style=\"width: 300px\" class=\"wp-caption alignleft\"><img decoding=\"async\" loading=\"lazy\" class=\"wp-image-40595 size-medium\" src=\"https:\/\/linitiative.ca\/International\/wp-content\/uploads\/sites\/23\/2021\/10\/3-7-300x200-1.jpg\" alt=\"\" width=\"300\" height=\"200\" srcset=\"https:\/\/linitiative.ca\/International\/wp-content\/uploads\/sites\/23\/2021\/10\/3-7-300x200-1.jpg 300w, https:\/\/www.sidwaya.info\/wp-content\/uploads\/2021\/10\/3-7-150x100.jpg 150w, https:\/\/www.sidwaya.info\/wp-content\/uploads\/2021\/10\/3-7.jpg 595w\" sizes=\"auto, (max-width: 300px) 100vw, 300px\"><figcaption id=\"caption-attachment-40595\" class=\"wp-caption-text\">Le ministre de la jeunesse, Salifo Tiemtor\u00e9, s\u2019est r\u00e9joui du dialogue avec le chef de l\u2019Etat.<\/figcaption><\/figure>\n<p>La salle polyvalente de Koudougou a \u00e9t\u00e9 prise d\u2019assaut par des jeunes venus de toutes les contr\u00e9es du pays pour assister \u00e0 la rencontre avec le Pr\u00e9sident du Faso, Roch Marc Christian Kabor\u00e9 marquant ainsi la fin du Forum national des jeunes 2021. Dans son mot introductif, le chef de l\u2019Etat a rendu un vibrant hommage \u00e0 la jeunesse \u00ab consciente \u00bb et \u00abpatriotique \u00bb pour son engagement dans le combat qu\u2019imposent les forces du mal. \u00ab Les jeunes sont en premi\u00e8re ligne de ce combat pour la d\u00e9fense de la patrie en tant qu\u2019\u00e9l\u00e9ments des forces de d\u00e9fense et de s\u00e9curit\u00e9, en tant que volontaires pour la D\u00e9fense de la Patrie, ou encore en tant que leader associatif, par la sensibilisation des pairs contre la radicalisation et l\u2019extr\u00e9misme violent ou encore en tant qu\u2019agent de renseignement tout simplement \u00bb a-t-il pr\u00e9cis\u00e9. Au sujet de la r\u00e9conciliation, le pr\u00e9sident Kabor\u00e9 a laiss\u00e9 entendre qu\u2019elle est l\u2019une des priorit\u00e9s de son quinquennat et a invit\u00e9 les jeunes \u00e0 contribuer aux d\u00e9bats en cours sur cette probl\u00e9matique, dans leurs localit\u00e9s respectives afin, dit-il, que nous puissions asseoir ensemble les bases d\u2019un Burkina Faso o\u00f9 r\u00e8gnent la coh\u00e9sion et la tol\u00e9rance entre les concitoyens. Les repr\u00e9sentants des jeunes des 13 r\u00e9gions ont ensuite pris la parole tour \u00e0 tour pour adresser des questions au pr\u00e9sident du Faso. Elles sont relatives \u00e0 l\u2019employabilit\u00e9 des jeunes, la promotion de l\u2019entrepreneuriat des jeunes, la construction des routes, la r\u00e9alisation de barrages et autres retenues d\u2019eau, l\u2019ins\u00e9curit\u00e9 et la r\u00e9conciliation nationale. Sur la question du retour des Burkinab\u00e8 ayant quitt\u00e9 le pays pour des raisons politiques, Roch Marc Christian Kabor\u00e9 dit ceci : \u00abIl n\u2019y a aucune disposition prise par l\u2019Etat interdisant un Burkinab\u00e8 hors du pays de retourner au bercail. Celui qui veut revenir peut venir quand il le souhaite, y compris l\u2019ex- pr\u00e9sident Blaise Compaor\u00e9 ; mais s\u2019ils ont un probl\u00e8me avec la justice, ils doivent le r\u00e9gler \u00bb.<\/p>\n<h2><strong>\u00ab Faire bloc derri\u00e8re les FDS\u00bb<\/strong><\/h2>\n<figure id=\"attachment_40594\" aria-describedby=\"caption-attachment-40594\" style=\"width: 300px\" class=\"wp-caption alignright\"><img decoding=\"async\" loading=\"lazy\" class=\"wp-image-40594 size-medium\" src=\"https:\/\/linitiative.ca\/International\/wp-content\/uploads\/sites\/23\/2021\/10\/2-10-300x200-1.jpg\" alt=\"\" width=\"300\" height=\"200\" srcset=\"https:\/\/linitiative.ca\/International\/wp-content\/uploads\/sites\/23\/2021\/10\/2-10-300x200-1.jpg 300w, https:\/\/www.sidwaya.info\/wp-content\/uploads\/2021\/10\/2-10-150x100.jpg 150w, https:\/\/www.sidwaya.info\/wp-content\/uploads\/2021\/10\/2-10.jpg 595w\" sizes=\"auto, (max-width: 300px) 100vw, 300px\"><figcaption id=\"caption-attachment-40594\" class=\"wp-caption-text\">Les jeunes sont venus des 13 r\u00e9gions du pays et de la diaspora pour prendre part \u00e0 la rencontre.<\/figcaption><\/figure>\n<p>En ce qui concerne le d\u00e9bat sur la forme de la r\u00e9conciliation, Roch Kabor\u00e9 estime que c\u2019est un \u00ab vieux d\u00e9bat \u00bb puisque, a-t-il poursuivi, nous avons adopt\u00e9 l\u2019option V\u00e9rit\u00e9-Justice-R\u00e9conciliation apr\u00e8s toutes les discussions. R\u00e9agissant aux pr\u00e9occupations sur la situation s\u00e9curitaire, le pr\u00e9sident du Faso a demand\u00e9 aux jeunes de faire bloc derri\u00e8re les FDS, pour faire \u00e9chec aux forces du mal. \u00ab Notre responsabilit\u00e9, c\u2019est de nous battre jusqu\u2019\u00e0 la derni\u00e8re goutte de sang pour d\u00e9fendre la patrie. \u00bb a-t-il indiqu\u00e9. De l\u2019avis du chef de l\u2019Etat, dans l\u2019histoire du Burkina Faso, chaque g\u00e9n\u00e9ration a toujours su relever ses d\u00e9fis et il ne doute pas de la capacit\u00e9 des jeunes. \u00ab Ma foi en la jeunesse reste in\u00e9branlable \u00bb a dit le pr\u00e9sident du Faso aux jeunes des 45<\/p>\n<p>provinces du Burkina et de la diaspora. Auparavant, les ministres dont Eric Bougouma des infrastructures, Salifou Ou\u00e9draogo en charge de l\u2019Agriculture, Ousmane Nacro de l\u2019Eau, Laurence Ilboudo de l\u2019action humanitaire se sont succ\u00e9d\u00e9 pour apporter des r\u00e9ponses aux pr\u00e9occupations des jeunes en lien avec leurs d\u00e9partements respectifs devant contribuer \u00e0 l\u2019\u00e9panouissement des jeunes. Le ministre charg\u00e9 de la jeunesse, Salifo Tiemtor\u00e9 a salu\u00e9 la tenue de ce dialogue avec le pr\u00e9sident du Faso ainsi que l\u2019exposition du Salon de la cr\u00e9ativit\u00e9 en marge. Le pr\u00e9sident du Conseil national de la jeunesse, Moumini Dialla, a souhait\u00e9 que les Fonds d\u00e9di\u00e9s au financement des jeunes soient revus \u00e0 la hausse. Plus t\u00f4t dans la matin\u00e9e, le pr\u00e9sident du Faso a \u00e9t\u00e9 accueilli par les autorit\u00e9s locales et une foule nombreuse pour des \u00e9changes avec les forces vives de la r\u00e9gion.<\/p>\n<p style=\"text-align: right\"><strong> Beyon Romain NEBIE beynebie@gmail.com <\/strong><\/p>\n<p style=\"text-align: right\"><strong>Honorine NIKIEMA (Stagiaire) <\/strong><\/p>\n<p>L\u2019article <a rel=\"nofollow\" href=\"https:\/\/www.sidwaya.info\/blog\/2021\/10\/10\/forum-national-des-jeunes-a-koudougou-le-president-du-faso-roch-kabore-reaffirme-sa-foi-en-la-jeunesse\/\">Forum national des jeunes \u00e0 Koudougou  : le Pr\u00e9sident du Faso Roch Kabor\u00e9  r\u00e9affirme sa foi en la jeunesse<\/a> est apparu en premier sur <a rel=\"nofollow\" href=\"https:\/\/www.sidwaya.info\/\">Quotidien Sidwaya<\/a>.<\/p>\n<\/div>\n<p>Auteur: BM. Sidwaya<br \/>\n<a href=\"https:\/\/www.sidwaya.info\/blog\/2021\/10\/10\/forum-national-des-jeunes-a-koudougou-le-president-du-faso-roch-kabore-reaffirme-sa-foi-en-la-jeunesse\/\">Cliquez ici pour lire l&rsquo;article depuis sa source.<\/a><\/p>\n","protected":false},"excerpt":{"rendered":"<p>Le forum national des jeunes a pris fin, le samedi 9 octobre 2021 \u00e0 Koudougou, par la rencontre d\u2019\u00e9changes directs entre le pr\u00e9sident du Faso et les jeunes venus des 45 provinces du pays. A l\u2019occasion, le chef de l\u2019Etat a r\u00e9affirm\u00e9 sa foi en la jeunesse et l\u2019engagement de son gouvernement \u00e0 \u0153uvrer pour [&hellip;]<\/p>\n","protected":false},"author":1816,"featured_media":0,"comment_status":"closed","ping_status":"closed","sticky":false,"template":"","format":"standard","meta":{"fifu_image_url":"https:\/\/www.sidwaya.info\/wp-content\/uploads\/2021\/10\/3-7-300x200.jpg","fifu_image_alt":"Forum national des jeunes \u00e0 Koudougou  : le Pr\u00e9sident du Faso Roch Kabor\u00e9  r\u00e9affirme sa foi en la jeunesse","footnotes":""},"categories":[73,81],"tags":[],"class_list":["post-129615","post","type-post","status-publish","format-standard","hentry","category-actualite","category-burkina-faso"],"_links":{"self":[{"href":"https:\/\/linitiative.ca\/International\/wp-json\/wp\/v2\/posts\/129615","targetHints":{"allow":["GET"]}}],"collection":[{"href":"https:\/\/linitiative.ca\/International\/wp-json\/wp\/v2\/posts"}],"about":[{"href":"https:\/\/linitiative.ca\/International\/wp-json\/wp\/v2\/types\/post"}],"author":[{"embeddable":true,"href":"https:\/\/linitiative.ca\/International\/wp-json\/wp\/v2\/users\/1816"}],"replies":[{"embeddable":true,"href":"https:\/\/linitiative.ca\/International\/wp-json\/wp\/v2\/comments?post=129615"}],"version-history":[{"count":0,"href":"https:\/\/linitiative.ca\/International\/wp-json\/wp\/v2\/posts\/129615\/revisions"}],"wp:attachment":[{"href":"https:\/\/linitiative.ca\/International\/wp-json\/wp\/v2\/media?parent=129615"}],"wp:term":[{"taxonomy":"category","embeddable":true,"href":"https:\/\/linitiative.ca\/International\/wp-json\/wp\/v2\/categories?post=129615"},{"taxonomy":"post_tag","embeddable":true,"href":"https:\/\/linitiative.ca\/International\/wp-json\/wp\/v2\/tags?post=129615"}],"curies":[{"name":"wp","href":"https:\/\/api.w.org\/{rel}","templated":true}]}}